 {"id":30945,"date":"2022-12-29T10:49:25","date_gmt":"2022-12-29T13:49:25","guid":{"rendered":"https:\/\/www.justiciasantafe.gov.ar\/?post_type=comunicado_de_prensa&#038;p=30945"},"modified":"2023-01-08T13:13:28","modified_gmt":"2023-01-08T16:13:28","slug":"la-corte-suprema-establecio-el-esquema-del-personal-que-prestara-funciones-en-enero-de-2023","status":"publish","type":"comunicado_de_prensa","link":"https:\/\/www.justiciasantafe.gov.ar\/index.php\/comunicado_de_prensa\/la-corte-suprema-establecio-el-esquema-del-personal-que-prestara-funciones-en-enero-de-2023\/","title":{"rendered":"La Corte Suprema estableci\u00f3 el esquema del personal  que prestar\u00e1 funciones en enero de 2023"},"content":{"rendered":"<div class=\"pdfprnt-buttons pdfprnt-buttons-comunicado_de_prensa pdfprnt-top-right\"><a href=\"https:\/\/www.justiciasantafe.gov.ar\/index.php\/wp-json\/wp\/v2\/comunicado_de_prensa\/30945?print=pdf\" class=\"pdfprnt-button pdfprnt-button-pdf\" target=\"_blank\"><img decoding=\"async\" src=\"https:\/\/www.justiciasantafe.gov.ar\/wp-content\/plugins\/pdf-print-pro\/images\/pdf.png?357112440\" alt=\"image_pdf\" title=\"Ver PDF\" \/><\/a><a href=\"https:\/\/www.justiciasantafe.gov.ar\/index.php\/wp-json\/wp\/v2\/comunicado_de_prensa\/30945?print=print\" class=\"pdfprnt-button pdfprnt-button-print\" target=\"_blank\"><img decoding=\"async\" src=\"https:\/\/www.justiciasantafe.gov.ar\/wp-content\/plugins\/pdf-print-pro\/images\/print.png?1674575983\" alt=\"image_print\" title=\"Imprimir contenido\" \/><\/a><\/div><p class=\"western\" align=\"JUSTIFY\">L<span style=\"font-family: Cambria, serif\"><span style=\"font-size: medium\"><span lang=\"es-ES\">a Corte Suprema de Justicia aprob\u00f3 la n\u00f3mina de magistradas\/os, funcionarias\/os, empleadas\/os y personal de servicio que prestar\u00e1 funciones durante el mes de enero de 2022, siendo <\/span>el horario de atenci\u00f3n al p\u00fablico de 7.15 a 12.45hs.<\/span><\/span><\/p>\n<p class=\"western\" align=\"JUSTIFY\"><span style=\"font-family: Cambria, serif\"><span style=\"font-size: medium\">Se acompa\u00f1a el listado completo de las autoridades designadas: \u00a0 <\/span><\/span><span style=\"font-family: Cambria, serif\"><span style=\"font-size: medium\"><strong>[PARA VISUALIZARLO HAGA CLICK EN EL ENLACE ROJO]<\/strong><br \/>\n<\/span><\/span><\/p>\n<p class=\"western\" align=\"JUSTIFY\"><span style=\"color: #ed1c24\"><a style=\"color: #ed1c24\" href=\"https:\/\/www.justiciasantafe.gov.ar\/wp-content\/uploads\/2022\/12\/CSJSF.-ESQUEMA-FERIA-JUDICIAL-ENERO-2023.pdf\" target=\"\" rel=\"attachment wp-att-30965 noopener\">CSJSF. ESQUEMA FERIA JUDICIAL ENERO 2023<\/a><\/span><\/p>\n<p class=\"western\" align=\"LEFT\"><span style=\"font-family: Cambria, serif\"><span style=\"font-size: medium\">Santa Fe, 29 de diciembre de 2022.<\/span><\/span><\/p>\n<p class=\"western\" align=\"LEFT\"><span style=\"font-family: Cambria, serif\"><span style=\"font-size: medium\"><b>Prensa \/ Poder Judicial de Santa Fe<\/b><\/span><\/span><\/p>\n<div class=\"gsp_post_data\" data-post_type=\"comunicado_de_prensa\" data-cat=\"comunicados-de-prensa\" data-modified=\"120\" data-title=\"La Corte Suprema estableci\u00f3 el esquema del personal  que prestar\u00e1 funciones en enero de 2023\" data-home=\"https:\/\/www.justiciasantafe.gov.ar\"><\/div>","protected":false},"excerpt":{"rendered":"<p>La Corte Suprema de Justicia aprob\u00f3 la n\u00f3mina de personal que prestar\u00e1 funciones durante el mes de enero de 2023, siendo el horario de atenci\u00f3n al p\u00fablico de 7.15 a 12.45hs.<\/p>\n","protected":false},"author":50,"featured_media":30948,"template":"","format":"standard","meta":{"_acf_changed":false,"footnotes":""},"categories":[22],"tags":[],"class_list":["post-30945","comunicado_de_prensa","type-comunicado_de_prensa","status-publish","format-standard","has-post-thumbnail","hentry","category-comunicados-de-prensa"],"acf":{"i2t_anio":2022,"i2t_id_historico":"","i2t_autor_historico":""},"_links":{"self":[{"href":"https:\/\/www.justiciasantafe.gov.ar\/index.php\/wp-json\/wp\/v2\/comunicado_de_prensa\/30945","targetHints":{"allow":["GET"]}}],"collection":[{"href":"https:\/\/www.justiciasantafe.gov.ar\/index.php\/wp-json\/wp\/v2\/comunicado_de_prensa"}],"about":[{"href":"https:\/\/www.justiciasantafe.gov.ar\/index.php\/wp-json\/wp\/v2\/types\/comunicado_de_prensa"}],"author":[{"embeddable":true,"href":"https:\/\/www.justiciasantafe.gov.ar\/index.php\/wp-json\/wp\/v2\/users\/50"}],"version-history":[{"count":0,"href":"https:\/\/www.justiciasantafe.gov.ar\/index.php\/wp-json\/wp\/v2\/comunicado_de_prensa\/30945\/revisions"}],"wp:featuredmedia":[{"embeddable":true,"href":"https:\/\/www.justiciasantafe.gov.ar\/index.php\/wp-json\/wp\/v2\/media\/30948"}],"wp:attachment":[{"href":"https:\/\/www.justiciasantafe.gov.ar\/index.php\/wp-json\/wp\/v2\/media?parent=30945"}],"wp:term":[{"taxonomy":"category","embeddable":true,"href":"https:\/\/www.justiciasantafe.gov.ar\/index.php\/wp-json\/wp\/v2\/categories?post=30945"},{"taxonomy":"post_tag","embeddable":true,"href":"https:\/\/www.justiciasantafe.gov.ar\/index.php\/wp-json\/wp\/v2\/tags?post=30945"}],"curies":[{"name":"wp","href":"https:\/\/api.w.org\/{rel}","templated":true}]}}