 {"id":33611,"date":"2023-02-22T09:09:37","date_gmt":"2023-02-22T12:09:37","guid":{"rendered":"https:\/\/www.justiciasantafe.gov.ar\/?post_type=comunicado_de_prensa&#038;p=33611"},"modified":"2023-03-14T07:39:48","modified_gmt":"2023-03-14T10:39:48","slug":"concurso-de-funcionarios-inscripciones-desde-el-27-de-febrero-de-2023","status":"publish","type":"comunicado_de_prensa","link":"https:\/\/www.justiciasantafe.gov.ar\/index.php\/comunicado_de_prensa\/concurso-de-funcionarios-inscripciones-desde-el-27-de-febrero-de-2023\/","title":{"rendered":"CONCURSO DE FUNCIONARIOS: inscripciones desde el 27 de febrero de 2023."},"content":{"rendered":"<div class=\"pdfprnt-buttons pdfprnt-buttons-comunicado_de_prensa pdfprnt-top-right\"><a href=\"https:\/\/www.justiciasantafe.gov.ar\/index.php\/wp-json\/wp\/v2\/comunicado_de_prensa\/33611?print=pdf\" class=\"pdfprnt-button pdfprnt-button-pdf\" target=\"_blank\"><img decoding=\"async\" src=\"https:\/\/www.justiciasantafe.gov.ar\/wp-content\/plugins\/pdf-print-pro\/images\/pdf.png?357112440\" alt=\"image_pdf\" title=\"Ver PDF\" \/><\/a><a href=\"https:\/\/www.justiciasantafe.gov.ar\/index.php\/wp-json\/wp\/v2\/comunicado_de_prensa\/33611?print=print\" class=\"pdfprnt-button pdfprnt-button-print\" target=\"_blank\"><img decoding=\"async\" src=\"https:\/\/www.justiciasantafe.gov.ar\/wp-content\/plugins\/pdf-print-pro\/images\/print.png?1674575983\" alt=\"image_print\" title=\"Imprimir contenido\" \/><\/a><\/div><p align=\"JUSTIFY\"><span style=\"font-family: Cambria, serif\"><span lang=\"es-ES\">La Corte Suprema de Justicia hace saber que desde lunes 27 de febrero de 2023, se proceder\u00e1 a la apertura de la inscripci\u00f3n para cubrir los siguientes cargos:<\/span><\/span><\/p>\n<ul>\n<li>\n<p align=\"JUSTIFY\"><span style=\"font-family: Cambria, serif\"><span lang=\"es-ES\">abierto, de antecedentes y en su caso de oposici\u00f3n para la provisi\u00f3n de un cargo de Secretario de Primera Instancia de Distrito para la Oficina de Gesti\u00f3n Judicial de Segunda Instancia en los Tribunales de Santa Fe; <\/span><\/span><\/p>\n<\/li>\n<li>\n<p align=\"JUSTIFY\"><span style=\"font-family: Cambria, serif\"><span lang=\"es-ES\">abierto, de antecedentes y en su caso de oposici\u00f3n para la provisi\u00f3n de un cargo de Secretario de Primera Instancia de Distrito en los Tribunales de Santa Fe; <\/span><\/span><\/p>\n<\/li>\n<li>\n<p align=\"JUSTIFY\"><span style=\"font-family: Cambria, serif\"><span lang=\"es-ES\">abierto, de antecedentes y de oposici\u00f3n para la provisi\u00f3n de un cargo de Fiscal Extrapenal en los Tribunales de San Justo;<\/span><\/span><\/p>\n<\/li>\n<li>\n<p align=\"JUSTIFY\"><span style=\"font-family: Cambria, serif\"><span lang=\"es-ES\">abierto, de antecedentes y en su caso de oposici\u00f3n para la provisi\u00f3n de un cargo de Secretario de Primera Instancia de Circuito para el Circuito Judicial N\u00b0 19 -Esperanza-;<\/span><\/span><\/p>\n<\/li>\n<li>\n<p align=\"JUSTIFY\"><span style=\"font-family: Cambria, serif\"><span lang=\"es-ES\">abierto, de antecedentes y en su caso de oposici\u00f3n para la provisi\u00f3n de un cargo de Secretario de Primera Instancia de Distrito en los Tribunales de Reconquista;<\/span><\/span><\/p>\n<\/li>\n<li>\n<p align=\"JUSTIFY\"><span style=\"font-family: Cambria, serif\"><span lang=\"es-ES\">abierto, de antecedentes y en su caso de oposici\u00f3n para la provisi\u00f3n de un cargo de Secretario de Primera Instancia de Distrito para la Oficina de Gesti\u00f3n Judicial en los Tribunales de Rafaela; <\/span><\/span><\/p>\n<\/li>\n<li>\n<p align=\"JUSTIFY\"><span style=\"font-family: Cambria, serif\"><span lang=\"es-ES\">abierto, de antecedentes y en su caso de oposici\u00f3n para la provisi\u00f3n de un cargo de Secretario de Primera Instancia de Distrito en los Tribunales de Rafaela;<\/span><\/span><\/p>\n<\/li>\n<li>\n<p align=\"JUSTIFY\"><span style=\"font-family: Cambria, serif\"><span lang=\"es-ES\">abierto, de antecedentes y en su caso de oposici\u00f3n para la provisi\u00f3n de un cargo de Secretario de Primera Instancia de Circuito para el Circuito Judicial N\u00b0 31 -Sunchales-; <\/span><\/span><\/p>\n<\/li>\n<li>\n<p align=\"JUSTIFY\"><span style=\"font-family: Cambria, serif\"><span lang=\"es-ES\">abierto, de antecedentes y en su caso de oposici\u00f3n para la provisi\u00f3n de un cargo de Oficial de Justicia para el Circuito Judicial N\u00b0 16 -Ceres-, Santa Fe.<\/span><\/span><\/p>\n<\/li>\n<\/ul>\n<p lang=\"es-ES\" align=\"JUSTIFY\"><span style=\"font-family: Cambria, serif\">Queda fijado el periodo de inscripciones entre el 27 de febrero y el 10 de marzo del a\u00f1o 2023, ambas fechas inclusive, debiendo los interesados en participar de dichos concursos, presentar el formulario confeccionado al efecto por ante la Secretar\u00eda de Gobierno de la Corte en Santa Fe.<\/span><\/p>\n<p align=\"JUSTIFY\"><span style=\"font-family: Cambria, serif\"><span lang=\"es-ES\">M\u00e1s informaci\u00f3n en: <a href=\"https:\/\/www.justiciasantafe.gov.ar\/index.php\/poder-judicial\/legislacion-y-jurisprudencia\/circulares\/\">https:\/\/www.justiciasantafe.gov.ar\/index.php\/poder-judicial\/legislacion-y-jurisprudencia\/circulares\/<\/a><\/span><\/span><\/p>\n<p><span style=\"font-family: Cambria, serif\">Santa Fe, 22 de febrero de 2023.<\/span><\/p>\n<p><span style=\"font-family: Cambria, serif\"><b>PRENSA \/ PODER JUDICIAL DE SANTA FE<\/b><\/span><\/p>\n<p>&nbsp;<\/p>\n<div class=\"gsp_post_data\" data-post_type=\"comunicado_de_prensa\" data-cat=\"comunicados-de-prensa\" data-modified=\"120\" data-title=\"CONCURSO DE FUNCIONARIOS: inscripciones desde el 27 de febrero de 2023.\" data-home=\"https:\/\/www.justiciasantafe.gov.ar\"><\/div>","protected":false},"excerpt":{"rendered":"<p>La Corte Suprema de Justicia hace saber que desde lunes 27 de febrero de 2023, se proceder\u00e1 a la apertura de la inscripci\u00f3n para cubrir los siguientes cargos:<\/p>\n","protected":false},"author":50,"featured_media":29321,"template":"","format":"standard","meta":{"_acf_changed":false,"footnotes":""},"categories":[22],"tags":[],"class_list":["post-33611","comunicado_de_prensa","type-comunicado_de_prensa","status-publish","format-standard","has-post-thumbnail","hentry","category-comunicados-de-prensa"],"acf":{"i2t_anio":2020,"i2t_id_historico":"","i2t_autor_historico":""},"_links":{"self":[{"href":"https:\/\/www.justiciasantafe.gov.ar\/index.php\/wp-json\/wp\/v2\/comunicado_de_prensa\/33611","targetHints":{"allow":["GET"]}}],"collection":[{"href":"https:\/\/www.justiciasantafe.gov.ar\/index.php\/wp-json\/wp\/v2\/comunicado_de_prensa"}],"about":[{"href":"https:\/\/www.justiciasantafe.gov.ar\/index.php\/wp-json\/wp\/v2\/types\/comunicado_de_prensa"}],"author":[{"embeddable":true,"href":"https:\/\/www.justiciasantafe.gov.ar\/index.php\/wp-json\/wp\/v2\/users\/50"}],"version-history":[{"count":0,"href":"https:\/\/www.justiciasantafe.gov.ar\/index.php\/wp-json\/wp\/v2\/comunicado_de_prensa\/33611\/revisions"}],"wp:featuredmedia":[{"embeddable":true,"href":"https:\/\/www.justiciasantafe.gov.ar\/index.php\/wp-json\/wp\/v2\/media\/29321"}],"wp:attachment":[{"href":"https:\/\/www.justiciasantafe.gov.ar\/index.php\/wp-json\/wp\/v2\/media?parent=33611"}],"wp:term":[{"taxonomy":"category","embeddable":true,"href":"https:\/\/www.justiciasantafe.gov.ar\/index.php\/wp-json\/wp\/v2\/categories?post=33611"},{"taxonomy":"post_tag","embeddable":true,"href":"https:\/\/www.justiciasantafe.gov.ar\/index.php\/wp-json\/wp\/v2\/tags?post=33611"}],"curies":[{"name":"wp","href":"https:\/\/api.w.org\/{rel}","templated":true}]}}