 {"id":33951,"date":"2023-03-07T08:06:24","date_gmt":"2023-03-07T11:06:24","guid":{"rendered":"https:\/\/www.justiciasantafe.gov.ar\/?post_type=comunicado_de_prensa&#038;p=33951"},"modified":"2023-08-16T09:40:21","modified_gmt":"2023-08-16T12:40:21","slug":"optimizar-la-justicia-eje-de-un-convenio-entre-las-cortes-santafesina-y-tucumana","status":"publish","type":"comunicado_de_prensa","link":"https:\/\/www.justiciasantafe.gov.ar\/index.php\/comunicado_de_prensa\/optimizar-la-justicia-eje-de-un-convenio-entre-las-cortes-santafesina-y-tucumana\/","title":{"rendered":"Optimizar la Justicia, eje de un convenio entre las Cortes santafesina y tucumana"},"content":{"rendered":"<div class=\"pdfprnt-buttons pdfprnt-buttons-comunicado_de_prensa pdfprnt-top-right\"><a href=\"https:\/\/www.justiciasantafe.gov.ar\/index.php\/wp-json\/wp\/v2\/comunicado_de_prensa\/33951?print=pdf\" class=\"pdfprnt-button pdfprnt-button-pdf\" target=\"_blank\"><img decoding=\"async\" src=\"https:\/\/www.justiciasantafe.gov.ar\/wp-content\/plugins\/pdf-print-pro\/images\/pdf.png?357112440\" alt=\"image_pdf\" title=\"Ver PDF\" \/><\/a><a href=\"https:\/\/www.justiciasantafe.gov.ar\/index.php\/wp-json\/wp\/v2\/comunicado_de_prensa\/33951?print=print\" class=\"pdfprnt-button pdfprnt-button-print\" target=\"_blank\"><img decoding=\"async\" src=\"https:\/\/www.justiciasantafe.gov.ar\/wp-content\/plugins\/pdf-print-pro\/images\/print.png?1674575983\" alt=\"image_print\" title=\"Imprimir contenido\" \/><\/a><\/div><p style=\"text-align: justify\"><span style=\"font-family: Arial, serif\"><span style=\"font-size: medium\"><span lang=\"es-AR\">El Presidente de la Corte Suprema de Justicia de Santa Fe, Dr. Daniel Erbetta, firm\u00f3 este viernes un convenio de cooperaci\u00f3n con su par tucumano, Dr. Daniel Leiva, para la prestaci\u00f3n rec\u00edproca de colaboraci\u00f3n entre ambos Poderes Judiciales con el objetivo de implementar proyectos y acciones comunes vinculadas a la gesti\u00f3n del expediente judicial, al funcionamiento del sistema adversarial, a la gobernanza de datos, a fomentar y maximizar el uso de los desarrollos tecnol\u00f3gicos, a compartir experiencias sobre la modernizaci\u00f3n de la gesti\u00f3n judicial y el uso de las herramientas inform\u00e1ticas. <\/span><\/span><\/span><\/p>\n<p style=\"text-align: justify\"><span style=\"font-family: Arial, serif\"><span style=\"font-size: medium\"><span lang=\"es-AR\">Mediante este convenio, los titulares de las Cortes de Santa Fe y Tucum\u00e1n acordaron mecanismos de mutuo asesoramiento y transferencia de informaci\u00f3n cient\u00edfica y t\u00e9cnica, integrar comisiones de trabajo entre miembros de los dos Poderes Judiciales para realizar estudios de proyectos de inter\u00e9s y facilitar el acceso de ambas partes a las instalaciones y\/o plataformas inform\u00e1ticas para maximizar su funcionamiento y as\u00ed brindar un mejor servicio de justicia a santafesinos y tucumanos.<\/span><\/span><\/span><\/p>\n<p style=\"text-align: justify\"><a name=\"_GoBack\"><\/a><span style=\"font-family: Arial, serif\"><span style=\"font-size: medium\"><span lang=\"es-AR\">Entre los temas de inter\u00e9s mutuo que abordaron los Dres. Erbetta y Leiva se destacan la justicia comunitaria, el desarrollo inform\u00e1tico y la modernizaci\u00f3n de la gesti\u00f3n judicial. Result\u00f3 de especial inter\u00e9s para los ministros locales el nivel de desarrollo inform\u00e1tico del Poder Judicial de Tucum\u00e1n y la posibilidad de su implementaci\u00f3n, en forma gratuita, en el sistema de Justicia penal santafesino, que tiene pendiente un desarrollo completo en esta materia.<\/span><\/span><\/span><\/p>\n<p style=\"text-align: justify\"><span style=\"font-family: Arial, serif\"><span style=\"font-size: medium\"><span lang=\"es-AR\">En la firma del convenio con la Corte Suprema tucumana, el Dr. Erbetta estuvo acompa\u00f1ado por los Ministros de la Corte santafesina Roberto Falistocco, Mario Netri y Mar\u00eda Ang\u00e9lica Gastaldi.<\/span><\/span><\/span><\/p>\n<p style=\"text-align: justify\"><span style=\"font-family: Arial, serif\"><span style=\"font-size: medium\"><span lang=\"es-AR\">Rosario, 4 de marzo de 2023<\/span><\/span><\/span><\/p>\n<p style=\"text-align: justify\"><em><strong><span style=\"font-family: Arial, serif\"><span style=\"font-size: medium\"><span lang=\"es-AR\">Prensa \/ Poder Judicial de Santa Fe<\/span><\/span><\/span><\/strong><\/em><\/p>\n<p style=\"text-align: left\">\n<div class=\"gsp_post_data\" data-post_type=\"comunicado_de_prensa\" data-cat=\"comunicados-de-prensa\" data-modified=\"120\" data-title=\"Optimizar la Justicia, eje de un convenio entre las Cortes santafesina y tucumana\" data-home=\"https:\/\/www.justiciasantafe.gov.ar\"><\/div>","protected":false},"excerpt":{"rendered":"<p>El Presidente de la Corte Suprema de Justicia de Santa Fe, Dr. Daniel Erbetta, firm\u00f3  este viernes un convenio de cooperaci\u00f3n con su par tucumano, Dr. Daniel Leiva, <\/p>\n","protected":false},"author":50,"featured_media":33952,"template":"","format":"standard","meta":{"_acf_changed":false,"footnotes":""},"categories":[22],"tags":[],"class_list":["post-33951","comunicado_de_prensa","type-comunicado_de_prensa","status-publish","format-standard","has-post-thumbnail","hentry","category-comunicados-de-prensa"],"acf":{"i2t_anio":2023,"i2t_id_historico":"","i2t_autor_historico":""},"_links":{"self":[{"href":"https:\/\/www.justiciasantafe.gov.ar\/index.php\/wp-json\/wp\/v2\/comunicado_de_prensa\/33951","targetHints":{"allow":["GET"]}}],"collection":[{"href":"https:\/\/www.justiciasantafe.gov.ar\/index.php\/wp-json\/wp\/v2\/comunicado_de_prensa"}],"about":[{"href":"https:\/\/www.justiciasantafe.gov.ar\/index.php\/wp-json\/wp\/v2\/types\/comunicado_de_prensa"}],"author":[{"embeddable":true,"href":"https:\/\/www.justiciasantafe.gov.ar\/index.php\/wp-json\/wp\/v2\/users\/50"}],"version-history":[{"count":0,"href":"https:\/\/www.justiciasantafe.gov.ar\/index.php\/wp-json\/wp\/v2\/comunicado_de_prensa\/33951\/revisions"}],"wp:featuredmedia":[{"embeddable":true,"href":"https:\/\/www.justiciasantafe.gov.ar\/index.php\/wp-json\/wp\/v2\/media\/33952"}],"wp:attachment":[{"href":"https:\/\/www.justiciasantafe.gov.ar\/index.php\/wp-json\/wp\/v2\/media?parent=33951"}],"wp:term":[{"taxonomy":"category","embeddable":true,"href":"https:\/\/www.justiciasantafe.gov.ar\/index.php\/wp-json\/wp\/v2\/categories?post=33951"},{"taxonomy":"post_tag","embeddable":true,"href":"https:\/\/www.justiciasantafe.gov.ar\/index.php\/wp-json\/wp\/v2\/tags?post=33951"}],"curies":[{"name":"wp","href":"https:\/\/api.w.org\/{rel}","templated":true}]}}