 {"id":34088,"date":"2023-03-14T07:38:23","date_gmt":"2023-03-14T10:38:23","guid":{"rendered":"https:\/\/www.justiciasantafe.gov.ar\/?post_type=comunicado_de_prensa&#038;p=34088"},"modified":"2023-03-15T12:37:43","modified_gmt":"2023-03-15T15:37:43","slug":"la-corte-suprema-abrira-este-miercoles-el-ano-judicial-en-rosario","status":"publish","type":"comunicado_de_prensa","link":"https:\/\/www.justiciasantafe.gov.ar\/index.php\/comunicado_de_prensa\/la-corte-suprema-abrira-este-miercoles-el-ano-judicial-en-rosario\/","title":{"rendered":"La Corte Suprema abrir\u00e1 este mi\u00e9rcoles el a\u00f1o judicial en Rosario"},"content":{"rendered":"<div class=\"pdfprnt-buttons pdfprnt-buttons-comunicado_de_prensa pdfprnt-top-right\"><a href=\"https:\/\/www.justiciasantafe.gov.ar\/index.php\/wp-json\/wp\/v2\/comunicado_de_prensa\/34088?print=pdf\" class=\"pdfprnt-button pdfprnt-button-pdf\" target=\"_blank\"><img decoding=\"async\" src=\"https:\/\/www.justiciasantafe.gov.ar\/wp-content\/plugins\/pdf-print-pro\/images\/pdf.png?357112440\" alt=\"image_pdf\" title=\"Ver PDF\" \/><\/a><a href=\"https:\/\/www.justiciasantafe.gov.ar\/index.php\/wp-json\/wp\/v2\/comunicado_de_prensa\/34088?print=print\" class=\"pdfprnt-button pdfprnt-button-print\" target=\"_blank\"><img decoding=\"async\" src=\"https:\/\/www.justiciasantafe.gov.ar\/wp-content\/plugins\/pdf-print-pro\/images\/print.png?1674575983\" alt=\"image_print\" title=\"Imprimir contenido\" \/><\/a><\/div><p align=\"JUSTIFY\"><span style=\"font-family: Arial, serif;\"><span style=\"font-size: medium;\">La Corte Suprema de Justicia de Santa Fe realizar\u00e1 este mi\u00e9rcoles 15 de marzo desde las 11.30hs., el acto formal de apertura del a\u00f1o judicial 2023. La tradicional ceremonia se inscribe en cumplimiento de lo establecido en el art\u00edculo 19 inc. 15 de la Ley 10.160, Ley Org\u00e1nica del Poder Judicial de la Provincia de Santa Fe.<\/span><\/span><\/p>\n<p align=\"JUSTIFY\"><span style=\"font-family: Arial, serif;\"><span style=\"font-size: medium;\">El acto ser\u00e1 encabezado por el presidente de la Corte Suprema, Dr. Daniel Erbetta y los ministros Dres. Roberto Falistocco, Eduardo Spuler, Rafael Guti\u00e9rrez, Mar\u00eda Ang\u00e9lica Gastaldi y Mario Netri. Tambi\u00e9n asistir\u00e1 el Procurador General, Dr. Jorge Barraguirre. <\/span><\/span><\/p>\n<p align=\"JUSTIFY\"><span style=\"font-family: Arial, serif;\"><span style=\"font-size: medium;\">Han comprometido su participaci\u00f3n para la apertura formal del a\u00f1o judicial 2023, las principales autoridades pol\u00edticas de la provincia, conjuntamente con otras autoridades judiciales y acad\u00e9micas. <\/span><\/span><\/p>\n<p align=\"JUSTIFY\"><span style=\"font-family: Arial, serif;\"><span style=\"font-size: medium;\">Cabe destacar, que la ceremonia de apertura del a\u00f1o judicial se desarrollar\u00e1 en el sal\u00f3n de actos de la Corte en Rosario, y se transmitir\u00e1 en vivo por el canal YouTube del Poder Judicial (Link: <a href=\"https:\/\/www.youtube.com\/watch?v=TF7uPKsXF7o\">https:\/\/www.youtube.com\/watch?v=TF7uPKsXF7o<\/a> ). <\/span><\/span><\/p>\n<p align=\"JUSTIFY\"><span style=\"font-family: Arial, serif;\"><span style=\"font-size: medium;\">La transmisi\u00f3n contar\u00e1 \u2013adem\u00e1s- con la traducci\u00f3n a la lengua de se\u00f1as argentina (LSA). <\/span><\/span><\/p>\n<p align=\"JUSTIFY\"><span style=\"font-family: Arial, serif;\"><span style=\"font-size: medium;\">Rosario, 13 de marzo de 2023. <\/span><\/span><\/p>\n<p align=\"JUSTIFY\"><span style=\"font-family: Arial, serif;\"><span style=\"font-size: medium;\"><b>PRENSA \/ PODER JUDICIAL DE SANTA FE<\/b><\/span><\/span><\/p>\n<p align=\"JUSTIFY\">\n<div class=\"gsp_post_data\" data-post_type=\"comunicado_de_prensa\" data-cat=\"comunicados-de-prensa\" data-modified=\"120\" data-title=\"La Corte Suprema abrir\u00e1 este mi\u00e9rcoles el a\u00f1o judicial en Rosario\" data-home=\"https:\/\/www.justiciasantafe.gov.ar\"><\/div>","protected":false},"excerpt":{"rendered":"<p>La ceremonia ser\u00e1 transmitida desde las 11.30hs, por el canal Youtube del Poder Judicial y traducida a la Lengua de Se\u00f1as Argentina (LSA).<\/p>\n","protected":false},"author":50,"featured_media":34089,"template":"","format":"standard","meta":{"_acf_changed":false,"footnotes":""},"categories":[22],"tags":[],"class_list":["post-34088","comunicado_de_prensa","type-comunicado_de_prensa","status-publish","format-standard","has-post-thumbnail","hentry","category-comunicados-de-prensa"],"acf":{"i2t_anio":2022,"i2t_id_historico":"","i2t_autor_historico":""},"_links":{"self":[{"href":"https:\/\/www.justiciasantafe.gov.ar\/index.php\/wp-json\/wp\/v2\/comunicado_de_prensa\/34088","targetHints":{"allow":["GET"]}}],"collection":[{"href":"https:\/\/www.justiciasantafe.gov.ar\/index.php\/wp-json\/wp\/v2\/comunicado_de_prensa"}],"about":[{"href":"https:\/\/www.justiciasantafe.gov.ar\/index.php\/wp-json\/wp\/v2\/types\/comunicado_de_prensa"}],"author":[{"embeddable":true,"href":"https:\/\/www.justiciasantafe.gov.ar\/index.php\/wp-json\/wp\/v2\/users\/50"}],"version-history":[{"count":0,"href":"https:\/\/www.justiciasantafe.gov.ar\/index.php\/wp-json\/wp\/v2\/comunicado_de_prensa\/34088\/revisions"}],"wp:featuredmedia":[{"embeddable":true,"href":"https:\/\/www.justiciasantafe.gov.ar\/index.php\/wp-json\/wp\/v2\/media\/34089"}],"wp:attachment":[{"href":"https:\/\/www.justiciasantafe.gov.ar\/index.php\/wp-json\/wp\/v2\/media?parent=34088"}],"wp:term":[{"taxonomy":"category","embeddable":true,"href":"https:\/\/www.justiciasantafe.gov.ar\/index.php\/wp-json\/wp\/v2\/categories?post=34088"},{"taxonomy":"post_tag","embeddable":true,"href":"https:\/\/www.justiciasantafe.gov.ar\/index.php\/wp-json\/wp\/v2\/tags?post=34088"}],"curies":[{"name":"wp","href":"https:\/\/api.w.org\/{rel}","templated":true}]}}