 {"id":34159,"date":"2023-03-16T12:00:26","date_gmt":"2023-03-16T15:00:26","guid":{"rendered":"https:\/\/www.justiciasantafe.gov.ar\/?post_type=comunicado_de_prensa&#038;p=34159"},"modified":"2024-02-14T12:22:23","modified_gmt":"2024-02-14T15:22:23","slug":"la-corte-suprema-de-santa-fe-dejo-inaugurado-el-ano-judicial-2023","status":"publish","type":"comunicado_de_prensa","link":"https:\/\/www.justiciasantafe.gov.ar\/index.php\/comunicado_de_prensa\/la-corte-suprema-de-santa-fe-dejo-inaugurado-el-ano-judicial-2023\/","title":{"rendered":"La Corte Suprema de Santa Fe  dej\u00f3 inaugurado el a\u00f1o judicial 2023"},"content":{"rendered":"<div class=\"pdfprnt-buttons pdfprnt-buttons-comunicado_de_prensa pdfprnt-top-right\"><a href=\"https:\/\/www.justiciasantafe.gov.ar\/index.php\/wp-json\/wp\/v2\/comunicado_de_prensa\/34159?print=pdf\" class=\"pdfprnt-button pdfprnt-button-pdf\" target=\"_blank\"><img decoding=\"async\" src=\"https:\/\/www.justiciasantafe.gov.ar\/wp-content\/plugins\/pdf-print-pro\/images\/pdf.png?357112440\" alt=\"image_pdf\" title=\"Ver PDF\" \/><\/a><a href=\"https:\/\/www.justiciasantafe.gov.ar\/index.php\/wp-json\/wp\/v2\/comunicado_de_prensa\/34159?print=print\" class=\"pdfprnt-button pdfprnt-button-print\" target=\"_blank\"><img decoding=\"async\" src=\"https:\/\/www.justiciasantafe.gov.ar\/wp-content\/plugins\/pdf-print-pro\/images\/print.png?1674575983\" alt=\"image_print\" title=\"Imprimir contenido\" \/><\/a><\/div><p lang=\"es-AR\" style=\"text-align: justify\" align=\"JUSTIFY\"><span style=\"color: #000000\"><span style=\"font-family: Cambria, serif\">El presidente de la Corte Suprema de Justicia de Santa Fe, Dr. Daniel A. Erbetta, dej\u00f3 formalmente inaugurado el a\u00f1o judicial 2023 en un colmado sal\u00f3n de actos ubicado en el tercer piso de los Tribunales de la ciudad de Rosario. <\/span><\/span><\/p>\n<p lang=\"es-AR\" style=\"text-align: justify\" align=\"JUSTIFY\"><span style=\"color: #000000\"><span style=\"font-family: Cambria, serif\">Los ministros del la Corte Suprema, Dres. Roberto Falistocco, Eduardo Spuler, Rafael Guti\u00e9rrez, Mario Netri, la Dra. Mar\u00eda Ang\u00e9lica Gastaldi y el Procurador General Jorge Barraguirre participaron del tradicional acto inaugural.<\/span><\/span><\/p>\n<p lang=\"es-AR\" style=\"text-align: justify\" align=\"JUSTIFY\"><span style=\"color: #000000\"><span style=\"font-family: Cambria, serif\"><i><u><b>Autoridades presentes<\/b><\/u><\/i><\/span><\/span><\/p>\n<p lang=\"es-AR\" style=\"text-align: justify\" align=\"JUSTIFY\"><span style=\"color: #000000\"><span style=\"font-family: Cambria, serif\">Se hicieron presentes en el edificio de calle Balcarce de los Tribunales Rosarinos, la Vicegobernadora de la Provincia de Santa Fe, Dra. Alejandra Rodenas; el Presidente de la C\u00e1mara de Diputados de la Provincia de Santa Fe, Dr. Pablo Far\u00edas; la Presidenta de la Junta Federal de Cortes y Superiores Tribunales de Justicia de las Provincias Argentinas y Ciudad Aut\u00f3noma de Buenos Aires, Dra. Mar\u00eda del Carmen Battaini; senadores nacionales, la Defensora Provincial del Servicio P\u00fablico Provincial de Defensa Penal del Poder Judicial de la Provincia de Santa Fe, Dra. Jaquelina Balangione; el Fiscal General del Ministerio P\u00fablico de la Acusaci\u00f3n, Dr. Jorge Baclini; los intendentes de Rosario y Santa Fe, Pablo Javkin y Emilio Jat\u00f3n, senadores y diputados provinciales, adem\u00e1s de autoridades acad\u00e9micas y de la actividad productiva. Se destac\u00f3 la presencia de familiares de v\u00edctimas de delitos, a quienes el Dr. Erbetta les manifest\u00f3 la solidaridad y el compromiso con sus causas del Poder Judicial de Santa Fe.<\/span><\/span><\/p>\n<p style=\"text-align: justify\" align=\"JUSTIFY\"><span style=\"color: #000000\"><span style=\"font-family: Cambria, serif\"><span lang=\"es-AR\">El discurso completo del Dr. Erbeta se puede descargar en: <\/span><\/span><\/span><span style=\"color: #0000ff\"><u><a href=\"https:\/\/www.justiciasantafe.gov.ar\/index.php\/poder-judicial\/prensa\/discursos\/\"><span style=\"color: #000000\"><span style=\"font-family: Cambria, serif\"><span lang=\"es-AR\">https:\/\/www.justiciasantafe.gov.ar\/index.php\/poder-judicial\/prensa\/discursos\/<\/span><\/span><\/span><\/a><\/u><\/span><\/p>\n<p lang=\"es-AR\" style=\"text-align: justify\" align=\"JUSTIFY\"><span style=\"color: #000000\"><span style=\"font-family: Cambria, serif\">Rosario, 15 de marzo de 2023. <\/span><\/span><\/p>\n<p lang=\"es-AR\" style=\"text-align: justify\" align=\"JUSTIFY\"><span style=\"color: #000000\"><span style=\"font-family: Cambria, serif\"><i><b>PRENSA \/ PODER JUDICIAL DE SANTA FE<\/b><\/i><\/span><\/span><\/p>\n<figure id=\"attachment_34163\" aria-describedby=\"caption-attachment-34163\" style=\"width: 419px\" class=\"wp-caption aligncenter\"><img loading=\"lazy\" decoding=\"async\" class=\"wp-image-34163 \" src=\"https:\/\/www.justiciasantafe.gov.ar\/wp-content\/uploads\/2023\/03\/IMG-20230315-WA0036-300x200.jpg\" alt=\"Corte Suprema de Justicia de Santa Fe\" width=\"419\" height=\"279\" srcset=\"https:\/\/www.justiciasantafe.gov.ar\/wp-content\/uploads\/2023\/03\/IMG-20230315-WA0036-300x200.jpg 300w, https:\/\/www.justiciasantafe.gov.ar\/wp-content\/uploads\/2023\/03\/IMG-20230315-WA0036-1024x683.jpg 1024w, https:\/\/www.justiciasantafe.gov.ar\/wp-content\/uploads\/2023\/03\/IMG-20230315-WA0036-768x512.jpg 768w, https:\/\/www.justiciasantafe.gov.ar\/wp-content\/uploads\/2023\/03\/IMG-20230315-WA0036-1536x1024.jpg 1536w, https:\/\/www.justiciasantafe.gov.ar\/wp-content\/uploads\/2023\/03\/IMG-20230315-WA0036.jpg 1599w\" sizes=\"auto, (max-width: 419px) 100vw, 419px\" \/><figcaption id=\"caption-attachment-34163\" class=\"wp-caption-text\">Dres. Erbetta (presidente 2023), Falistocco, Spuler, Guit\u00e9rrez, Dra. Gastaldi, Netri y Dr. Barraguirre (Procurador General)<\/figcaption><\/figure>\n<p>&nbsp;<\/p>\n<figure id=\"attachment_34164\" aria-describedby=\"caption-attachment-34164\" style=\"width: 410px\" class=\"wp-caption aligncenter\"><img loading=\"lazy\" decoding=\"async\" class=\"wp-image-34164\" src=\"https:\/\/www.justiciasantafe.gov.ar\/wp-content\/uploads\/2023\/03\/IMG-20230315-WA0039-300x200.jpg\" alt=\"\" width=\"410\" height=\"273\" srcset=\"https:\/\/www.justiciasantafe.gov.ar\/wp-content\/uploads\/2023\/03\/IMG-20230315-WA0039-300x200.jpg 300w, https:\/\/www.justiciasantafe.gov.ar\/wp-content\/uploads\/2023\/03\/IMG-20230315-WA0039-1024x683.jpg 1024w, https:\/\/www.justiciasantafe.gov.ar\/wp-content\/uploads\/2023\/03\/IMG-20230315-WA0039-768x512.jpg 768w, https:\/\/www.justiciasantafe.gov.ar\/wp-content\/uploads\/2023\/03\/IMG-20230315-WA0039-1536x1024.jpg 1536w, https:\/\/www.justiciasantafe.gov.ar\/wp-content\/uploads\/2023\/03\/IMG-20230315-WA0039.jpg 1599w\" sizes=\"auto, (max-width: 410px) 100vw, 410px\" \/><figcaption id=\"caption-attachment-34164\" class=\"wp-caption-text\">Auditorio. Sal\u00f3n de Actos de los Tribunales de Rosario.<\/figcaption><\/figure>\n<p data-wp-editing=\"1\"><img loading=\"lazy\" decoding=\"async\" class=\" wp-image-34166 alignleft\" src=\"https:\/\/www.justiciasantafe.gov.ar\/wp-content\/uploads\/2023\/03\/IMG-20230315-WA0042-300x200.jpg\" alt=\"\" width=\"278\" height=\"185\" srcset=\"https:\/\/www.justiciasantafe.gov.ar\/wp-content\/uploads\/2023\/03\/IMG-20230315-WA0042-300x200.jpg 300w, https:\/\/www.justiciasantafe.gov.ar\/wp-content\/uploads\/2023\/03\/IMG-20230315-WA0042-1024x683.jpg 1024w, https:\/\/www.justiciasantafe.gov.ar\/wp-content\/uploads\/2023\/03\/IMG-20230315-WA0042-768x512.jpg 768w, https:\/\/www.justiciasantafe.gov.ar\/wp-content\/uploads\/2023\/03\/IMG-20230315-WA0042-1536x1024.jpg 1536w, https:\/\/www.justiciasantafe.gov.ar\/wp-content\/uploads\/2023\/03\/IMG-20230315-WA0042.jpg 1599w\" sizes=\"auto, (max-width: 278px) 100vw, 278px\" \/> <img loading=\"lazy\" decoding=\"async\" class=\"alignnone wp-image-34178\" src=\"https:\/\/www.justiciasantafe.gov.ar\/wp-content\/uploads\/2023\/03\/IMG-20230315-WA0037-300x200.jpg\" alt=\"\" width=\"285\" height=\"190\" data-wp-editing=\"1\" srcset=\"https:\/\/www.justiciasantafe.gov.ar\/wp-content\/uploads\/2023\/03\/IMG-20230315-WA0037-300x200.jpg 300w, https:\/\/www.justiciasantafe.gov.ar\/wp-content\/uploads\/2023\/03\/IMG-20230315-WA0037-1024x683.jpg 1024w, https:\/\/www.justiciasantafe.gov.ar\/wp-content\/uploads\/2023\/03\/IMG-20230315-WA0037-768x512.jpg 768w, https:\/\/www.justiciasantafe.gov.ar\/wp-content\/uploads\/2023\/03\/IMG-20230315-WA0037-1536x1024.jpg 1536w, https:\/\/www.justiciasantafe.gov.ar\/wp-content\/uploads\/2023\/03\/IMG-20230315-WA0037.jpg 1599w\" sizes=\"auto, (max-width: 285px) 100vw, 285px\" \/>\u00a0\u00a0<img loading=\"lazy\" decoding=\"async\" class=\"alignnone wp-image-34165\" src=\"https:\/\/www.justiciasantafe.gov.ar\/wp-content\/uploads\/2023\/03\/IMG-20230315-WA0041-300x200.jpg\" alt=\"\" width=\"284\" height=\"189\" srcset=\"https:\/\/www.justiciasantafe.gov.ar\/wp-content\/uploads\/2023\/03\/IMG-20230315-WA0041-300x200.jpg 300w, https:\/\/www.justiciasantafe.gov.ar\/wp-content\/uploads\/2023\/03\/IMG-20230315-WA0041-1024x683.jpg 1024w, https:\/\/www.justiciasantafe.gov.ar\/wp-content\/uploads\/2023\/03\/IMG-20230315-WA0041-768x512.jpg 768w, https:\/\/www.justiciasantafe.gov.ar\/wp-content\/uploads\/2023\/03\/IMG-20230315-WA0041-1536x1024.jpg 1536w, https:\/\/www.justiciasantafe.gov.ar\/wp-content\/uploads\/2023\/03\/IMG-20230315-WA0041.jpg 1599w\" sizes=\"auto, (max-width: 284px) 100vw, 284px\" \/><\/p>\n<p lang=\"es-AR\" style=\"text-align: justify\" align=\"JUSTIFY\"><span style=\"color: #000000\"><span style=\"font-family: Cambria, serif\"><i><b>\u00a0\u00a0 <\/b><\/i><\/span><\/span><i><b><\/b><\/i><\/p>\n<p lang=\"es-AR\" style=\"text-align: justify\" align=\"JUSTIFY\">\n<div class=\"gsp_post_data\" data-post_type=\"comunicado_de_prensa\" data-cat=\"comunicados-de-prensa\" data-modified=\"120\" data-title=\"La Corte Suprema de Santa Fe  dej\u00f3 inaugurado el a\u00f1o judicial 2023\" data-home=\"https:\/\/www.justiciasantafe.gov.ar\"><\/div>","protected":false},"excerpt":{"rendered":"<p>La ceremonia cont\u00f3 con la participaci\u00f3n  de autoridades pol\u00edticas, legislativas y judiciales del \u00e1mbito local y nacional. Erbetta se refiri\u00f3 extensamente a la situaci\u00f3n que vive la ciudad anfitriona del acto.<\/p>\n","protected":false},"author":50,"featured_media":34162,"template":"","format":"standard","meta":{"_acf_changed":false,"footnotes":""},"categories":[22],"tags":[],"class_list":["post-34159","comunicado_de_prensa","type-comunicado_de_prensa","status-publish","format-standard","has-post-thumbnail","hentry","category-comunicados-de-prensa"],"acf":{"i2t_anio":2022,"i2t_id_historico":"","i2t_autor_historico":""},"_links":{"self":[{"href":"https:\/\/www.justiciasantafe.gov.ar\/index.php\/wp-json\/wp\/v2\/comunicado_de_prensa\/34159","targetHints":{"allow":["GET"]}}],"collection":[{"href":"https:\/\/www.justiciasantafe.gov.ar\/index.php\/wp-json\/wp\/v2\/comunicado_de_prensa"}],"about":[{"href":"https:\/\/www.justiciasantafe.gov.ar\/index.php\/wp-json\/wp\/v2\/types\/comunicado_de_prensa"}],"author":[{"embeddable":true,"href":"https:\/\/www.justiciasantafe.gov.ar\/index.php\/wp-json\/wp\/v2\/users\/50"}],"version-history":[{"count":0,"href":"https:\/\/www.justiciasantafe.gov.ar\/index.php\/wp-json\/wp\/v2\/comunicado_de_prensa\/34159\/revisions"}],"wp:featuredmedia":[{"embeddable":true,"href":"https:\/\/www.justiciasantafe.gov.ar\/index.php\/wp-json\/wp\/v2\/media\/34162"}],"wp:attachment":[{"href":"https:\/\/www.justiciasantafe.gov.ar\/index.php\/wp-json\/wp\/v2\/media?parent=34159"}],"wp:term":[{"taxonomy":"category","embeddable":true,"href":"https:\/\/www.justiciasantafe.gov.ar\/index.php\/wp-json\/wp\/v2\/categories?post=34159"},{"taxonomy":"post_tag","embeddable":true,"href":"https:\/\/www.justiciasantafe.gov.ar\/index.php\/wp-json\/wp\/v2\/tags?post=34159"}],"curies":[{"name":"wp","href":"https:\/\/api.w.org\/{rel}","templated":true}]}}