 {"id":34224,"date":"2023-03-23T07:35:19","date_gmt":"2023-03-23T10:35:19","guid":{"rendered":"https:\/\/www.justiciasantafe.gov.ar\/?post_type=comunicado_de_prensa&#038;p=34224"},"modified":"2024-07-02T13:50:39","modified_gmt":"2024-07-02T16:50:39","slug":"concursos-para-los-tribunales-de-rosario-y-villa-constitucion","status":"publish","type":"comunicado_de_prensa","link":"https:\/\/www.justiciasantafe.gov.ar\/index.php\/comunicado_de_prensa\/concursos-para-los-tribunales-de-rosario-y-villa-constitucion\/","title":{"rendered":"Concursos para los Tribunales de Rosario y Villa Constituci\u00f3n"},"content":{"rendered":"<div class=\"pdfprnt-buttons pdfprnt-buttons-comunicado_de_prensa pdfprnt-top-right\"><a href=\"https:\/\/www.justiciasantafe.gov.ar\/index.php\/wp-json\/wp\/v2\/comunicado_de_prensa\/34224?print=pdf\" class=\"pdfprnt-button pdfprnt-button-pdf\" target=\"_blank\"><img decoding=\"async\" src=\"https:\/\/www.justiciasantafe.gov.ar\/wp-content\/plugins\/pdf-print-pro\/images\/pdf.png?357112440\" alt=\"image_pdf\" title=\"Ver PDF\" \/><\/a><a href=\"https:\/\/www.justiciasantafe.gov.ar\/index.php\/wp-json\/wp\/v2\/comunicado_de_prensa\/34224?print=print\" class=\"pdfprnt-button pdfprnt-button-print\" target=\"_blank\"><img decoding=\"async\" src=\"https:\/\/www.justiciasantafe.gov.ar\/wp-content\/plugins\/pdf-print-pro\/images\/print.png?1674575983\" alt=\"image_print\" title=\"Imprimir contenido\" \/><\/a><\/div><div class=\"moz-text-html\" lang=\"x-unicode\">\n<p style=\"text-align: center\"><b>Concurso para m\u00e9dico especialista<\/b><\/p>\n<p style=\"text-align: center\"><b>en psiquiatr\u00eda infanto juvenil<\/b><\/p>\n<p style=\"text-align: justify\">La Corte Suprema de Justicia de la Provincia de Santa Fe llama a concurso abierto, de antecedentes y, en su caso, de oposici\u00f3n para cubrir un cargo de m\u00e9dico especialista en psiquiatr\u00eda infanto juvenil. El per\u00edodo habilitado para recibir las inscripciones de los interesados es entre el 17 y el 28 de abril de 2023, ambas fechas inclusive. Quienes deseen participar del concurso deber\u00e1n presentar las respectivas solicitudes -en el formulario confeccionado al efecto- ante la Secretar\u00eda Letrada de la Corte Suprema en Rosario, Balcarce 1651, 3er. piso.<\/p>\n<p style=\"text-align: justify\">_______________________________________________________________________________________<\/p>\n<p style=\"text-align: center\"><b>Concurso para abogado relator<\/b><\/p>\n<p style=\"text-align: center\"><b>de juzgado de Villa Constituci\u00f3n<\/b><\/p>\n<p style=\"text-align: justify\">La Corte Suprema de Justicia de la Provincia de Santa Fe llama a concurso abierto, de antecedentes y, en su caso, de oposici\u00f3n para cubrir un cargo de abogado relator para el Juzgado de Primera Instancia de Distrito en lo Laboral de los Tribunales de Villa Constituci\u00f3n. El per\u00edodo habilitado para recibir las inscripciones de los interesados es entre el 17 y el 28 de abril de 2023, ambas fechas inclusive. Quienes deseen participar del concurso deber\u00e1n presentar las respectivas solicitudes -en el formulario confeccionado al efecto- ante la Secretar\u00eda Letrada de la Corte Suprema en Rosario, Balcarce 1651, 3er. piso.<\/p>\n<p>Rosario, 22 de marzo de 2023.<\/p>\n<p><strong><em>PRENSA \/ PODER JUDICIAL DE SANTA FE<\/em><\/strong><\/p>\n<\/div>\n<div class=\"gsp_post_data\" data-post_type=\"comunicado_de_prensa\" data-cat=\"comunicados-de-prensa\" data-modified=\"120\" data-title=\"Concursos para los Tribunales de Rosario y Villa Constituci\u00f3n\" data-home=\"https:\/\/www.justiciasantafe.gov.ar\"><\/div>","protected":false},"excerpt":{"rendered":"<p>Inscripciones desde el lunes 17 de abril al 28 de mayo de 2023 en la mesa de entradas de la Secretar\u00eda Letrada de la Corte Suprema en Rosario. <\/p>\n","protected":false},"author":50,"featured_media":34225,"template":"","format":"standard","meta":{"_acf_changed":false,"footnotes":""},"categories":[22],"tags":[],"class_list":["post-34224","comunicado_de_prensa","type-comunicado_de_prensa","status-publish","format-standard","has-post-thumbnail","hentry","category-comunicados-de-prensa"],"acf":{"i2t_anio":2023,"i2t_id_historico":"","i2t_autor_historico":""},"_links":{"self":[{"href":"https:\/\/www.justiciasantafe.gov.ar\/index.php\/wp-json\/wp\/v2\/comunicado_de_prensa\/34224","targetHints":{"allow":["GET"]}}],"collection":[{"href":"https:\/\/www.justiciasantafe.gov.ar\/index.php\/wp-json\/wp\/v2\/comunicado_de_prensa"}],"about":[{"href":"https:\/\/www.justiciasantafe.gov.ar\/index.php\/wp-json\/wp\/v2\/types\/comunicado_de_prensa"}],"author":[{"embeddable":true,"href":"https:\/\/www.justiciasantafe.gov.ar\/index.php\/wp-json\/wp\/v2\/users\/50"}],"version-history":[{"count":0,"href":"https:\/\/www.justiciasantafe.gov.ar\/index.php\/wp-json\/wp\/v2\/comunicado_de_prensa\/34224\/revisions"}],"wp:featuredmedia":[{"embeddable":true,"href":"https:\/\/www.justiciasantafe.gov.ar\/index.php\/wp-json\/wp\/v2\/media\/34225"}],"wp:attachment":[{"href":"https:\/\/www.justiciasantafe.gov.ar\/index.php\/wp-json\/wp\/v2\/media?parent=34224"}],"wp:term":[{"taxonomy":"category","embeddable":true,"href":"https:\/\/www.justiciasantafe.gov.ar\/index.php\/wp-json\/wp\/v2\/categories?post=34224"},{"taxonomy":"post_tag","embeddable":true,"href":"https:\/\/www.justiciasantafe.gov.ar\/index.php\/wp-json\/wp\/v2\/tags?post=34224"}],"curies":[{"name":"wp","href":"https:\/\/api.w.org\/{rel}","templated":true}]}}