 {"id":34660,"date":"2023-04-12T09:49:59","date_gmt":"2023-04-12T12:49:59","guid":{"rendered":"https:\/\/www.justiciasantafe.gov.ar\/?post_type=comunicado_de_prensa&#038;p=34660"},"modified":"2023-04-25T09:46:02","modified_gmt":"2023-04-25T12:46:02","slug":"la-corte-suprema-modifico-el-valor-de-la-unidad-jus-en-sus-diferentes-usos","status":"publish","type":"comunicado_de_prensa","link":"https:\/\/www.justiciasantafe.gov.ar\/index.php\/comunicado_de_prensa\/la-corte-suprema-modifico-el-valor-de-la-unidad-jus-en-sus-diferentes-usos\/","title":{"rendered":"Se modific\u00f3 el valor de la  unidad Jus en sus diferentes usos"},"content":{"rendered":"<div class=\"pdfprnt-buttons pdfprnt-buttons-comunicado_de_prensa pdfprnt-top-right\"><a href=\"https:\/\/www.justiciasantafe.gov.ar\/index.php\/wp-json\/wp\/v2\/comunicado_de_prensa\/34660?print=pdf\" class=\"pdfprnt-button pdfprnt-button-pdf\" target=\"_blank\"><img decoding=\"async\" src=\"https:\/\/www.justiciasantafe.gov.ar\/wp-content\/plugins\/pdf-print-pro\/images\/pdf.png?357112440\" alt=\"image_pdf\" title=\"Ver PDF\" \/><\/a><a href=\"https:\/\/www.justiciasantafe.gov.ar\/index.php\/wp-json\/wp\/v2\/comunicado_de_prensa\/34660?print=print\" class=\"pdfprnt-button pdfprnt-button-print\" target=\"_blank\"><img decoding=\"async\" src=\"https:\/\/www.justiciasantafe.gov.ar\/wp-content\/plugins\/pdf-print-pro\/images\/print.png?1674575983\" alt=\"image_print\" title=\"Imprimir contenido\" \/><\/a><\/div><p lang=\"es-AR\" align=\"JUSTIFY\"><span style=\"color: #000000\"><span style=\"font-family: Cambria, serif\"><span style=\"font-size: medium\">La Corte Suprema de Justicia de Santa Fe en reuni\u00f3n de acuerdo ordinario llevada a cabo en el d\u00eda de ayer, estableci\u00f3 nuevos montos para la UNIDAD JUS aplicable a: <\/span><\/span><\/span><span style=\"color: #000000\"><span style=\"font-family: Cambria, serif\"><span style=\"font-size: medium\">Recurso de Inconstitucionalidad previsto en el art. 8 de la ley 7055; a los casos de Responsabilidad Extracontractual de los Juzgados de Circuito de Santa Fe y Rosario; de las impugnaciones del art. 43 de la ley 10160; y, m\u00f3dulo de sanci\u00f3n en unidad jus del art. 223 de la ley 10160.<\/span><\/span><\/span><\/p>\n<p lang=\"es-AR\" align=\"JUSTIFY\"><span style=\"color: #000000\"><span style=\"font-family: Cambria, serif\"><span style=\"font-size: medium\">A tales fines se adjuntan copias de las modificaciones aludidas: <\/span><\/span><\/span><span style=\"color: #000000\"><span style=\"font-family: Cambria, serif\"><span style=\"font-size: medium\"><span style=\"font-size: 75%\">(HAGA CLICK EN LOS DIFERENTES VINCULOS PARA VISUALIZARLOS)<\/span><br \/>\n<\/span><\/span><\/span><\/p>\n<ul>\n<li lang=\"es-AR\"><a href=\"https:\/\/www.justiciasantafe.gov.ar\/wp-content\/uploads\/2023\/04\/CSJSF.VALOR-UNIDAD-JUS-ART.-8-LEY-7055.pdf\" target=\"\" rel=\"attachment wp-att-34665 noopener\">CSJSF.VALOR UNIDAD JUS ART. 8 LEY 7055<\/a><\/li>\n<li lang=\"es-AR\"><a href=\"https:\/\/www.justiciasantafe.gov.ar\/wp-content\/uploads\/2023\/04\/CSJSF.-AUMENTO-UNIDAD-JUS-JUZG.-CIRCUITO.pdf\" target=\"\" rel=\"attachment wp-att-34667 noopener\">CSJSF. AUMENTO UNIDAD JUS JUZG. CIRCUITO<\/a><\/li>\n<li lang=\"es-AR\"><a href=\"https:\/\/www.justiciasantafe.gov.ar\/wp-content\/uploads\/2023\/04\/CSJSF.-AUMENTO-UNIDAD-JUS-ART.-43-10160.pdf\" target=\"\" rel=\"attachment wp-att-34668 noopener\">CSJSF. AUMENTO UNIDAD JUS ART. 43 10160<\/a><\/li>\n<li lang=\"es-AR\"><a href=\"https:\/\/www.justiciasantafe.gov.ar\/wp-content\/uploads\/2023\/04\/CSJSF.-AUMENTO-UNIDAD-JUS-SANCION-223-LEY-10160.pdf\" target=\"\" rel=\"attachment wp-att-34669 noopener\">CSJSF. AUMENTO UNIDAD JUS SANCI\u00d3N 223 LEY 10160<\/a><\/li>\n<li lang=\"es-AR\"><a href=\"https:\/\/www.justiciasantafe.gov.ar\/wp-content\/uploads\/2023\/04\/CSJSF.-AUMENTO-TASA-RETRIBUTIVA-DE-SERVICIOS.pdf\" target=\"\" rel=\"attachment wp-att-34670 noopener\">CSJSF. AUMENTO TASA RETRIBUTIVA DE SERVICIOS<\/a><\/li>\n<\/ul>\n<p lang=\"es-AR\" align=\"JUSTIFY\"><span style=\"color: #000000\"><span style=\"font-family: Cambria, serif\"><span style=\"font-size: medium\">Santa Fe, 12 de abril de 2023.<\/span><\/span><\/span><\/p>\n<p lang=\"es-AR\" align=\"JUSTIFY\"><span style=\"color: #000000\"><span style=\"font-family: Cambria, serif\"><span style=\"font-size: medium\"><b>PRENSA \/ PODER JUDICIAL DE SANTA FE<\/b><\/span><\/span><\/span><\/p>\n<div class=\"gsp_post_data\" data-post_type=\"comunicado_de_prensa\" data-cat=\"comunicados-de-prensa\" data-modified=\"120\" data-title=\"Se modific\u00f3 el valor de la  unidad Jus en sus diferentes usos\" data-home=\"https:\/\/www.justiciasantafe.gov.ar\"><\/div>","protected":false},"excerpt":{"rendered":"<p>A tales fines, se adjuntan copias de las modificaciones aludidas.<\/p>\n","protected":false},"author":50,"featured_media":34675,"template":"","format":"standard","meta":{"_acf_changed":false,"footnotes":""},"categories":[22],"tags":[],"class_list":["post-34660","comunicado_de_prensa","type-comunicado_de_prensa","status-publish","format-standard","has-post-thumbnail","hentry","category-comunicados-de-prensa"],"acf":{"i2t_anio":2023,"i2t_id_historico":"","i2t_autor_historico":""},"_links":{"self":[{"href":"https:\/\/www.justiciasantafe.gov.ar\/index.php\/wp-json\/wp\/v2\/comunicado_de_prensa\/34660","targetHints":{"allow":["GET"]}}],"collection":[{"href":"https:\/\/www.justiciasantafe.gov.ar\/index.php\/wp-json\/wp\/v2\/comunicado_de_prensa"}],"about":[{"href":"https:\/\/www.justiciasantafe.gov.ar\/index.php\/wp-json\/wp\/v2\/types\/comunicado_de_prensa"}],"author":[{"embeddable":true,"href":"https:\/\/www.justiciasantafe.gov.ar\/index.php\/wp-json\/wp\/v2\/users\/50"}],"version-history":[{"count":0,"href":"https:\/\/www.justiciasantafe.gov.ar\/index.php\/wp-json\/wp\/v2\/comunicado_de_prensa\/34660\/revisions"}],"wp:featuredmedia":[{"embeddable":true,"href":"https:\/\/www.justiciasantafe.gov.ar\/index.php\/wp-json\/wp\/v2\/media\/34675"}],"wp:attachment":[{"href":"https:\/\/www.justiciasantafe.gov.ar\/index.php\/wp-json\/wp\/v2\/media?parent=34660"}],"wp:term":[{"taxonomy":"category","embeddable":true,"href":"https:\/\/www.justiciasantafe.gov.ar\/index.php\/wp-json\/wp\/v2\/categories?post=34660"},{"taxonomy":"post_tag","embeddable":true,"href":"https:\/\/www.justiciasantafe.gov.ar\/index.php\/wp-json\/wp\/v2\/tags?post=34660"}],"curies":[{"name":"wp","href":"https:\/\/api.w.org\/{rel}","templated":true}]}}