 {"id":48445,"date":"2025-06-09T17:07:28","date_gmt":"2025-06-09T20:07:28","guid":{"rendered":"https:\/\/www.justiciasantafe.gov.ar\/?post_type=comunicado_de_prensa&#038;p=48445"},"modified":"2025-11-18T15:27:29","modified_gmt":"2025-11-18T18:27:29","slug":"se-lleva-a-cabo-el-primer-juicio-oral-y-publico-con-jurado-popular","status":"publish","type":"comunicado_de_prensa","link":"https:\/\/www.justiciasantafe.gov.ar\/index.php\/comunicado_de_prensa\/se-lleva-a-cabo-el-primer-juicio-oral-y-publico-con-jurado-popular\/","title":{"rendered":"Se llev\u00f3 a cabo el primer Juicio Oral y P\u00fablico con Jurado Popular"},"content":{"rendered":"<div class=\"pdfprnt-buttons pdfprnt-buttons-comunicado_de_prensa pdfprnt-top-right\"><a href=\"https:\/\/www.justiciasantafe.gov.ar\/index.php\/wp-json\/wp\/v2\/comunicado_de_prensa\/48445?print=pdf\" class=\"pdfprnt-button pdfprnt-button-pdf\" target=\"_blank\"><img decoding=\"async\" src=\"https:\/\/www.justiciasantafe.gov.ar\/wp-content\/plugins\/pdf-print-pro\/images\/pdf.png?357112440\" alt=\"image_pdf\" title=\"Ver PDF\" \/><\/a><a href=\"https:\/\/www.justiciasantafe.gov.ar\/index.php\/wp-json\/wp\/v2\/comunicado_de_prensa\/48445?print=print\" class=\"pdfprnt-button pdfprnt-button-print\" target=\"_blank\"><img decoding=\"async\" src=\"https:\/\/www.justiciasantafe.gov.ar\/wp-content\/plugins\/pdf-print-pro\/images\/print.png?1674575983\" alt=\"image_print\" title=\"Imprimir contenido\" \/><\/a><\/div><p style=\"text-align: justify;\"><span style=\"color: #000000; font-size: 120%;\"><span style=\"font-family: Cambria, serif;\"><i><b>D\u00edas atr\u00e1s comenz\u00f3 el primer juicio oral y p\u00fablico bajo la modalidad de tener un Jurado Popular. Doce ciudadanos\/as fueron los responsables de emitir un veredicto que fue condenatorio. Las audiencias se llevaron a cabo en dependencias de los Tribunales de la ciudad de San Crist\u00f3bal. El Juez a cargo del juicio fue el Dr. Nicol\u00e1s Stegmayer, mientras que por el \u00f3rgano acusador actuaron las fiscales Verney y Fissore. La defensa t\u00e9cnica particular la encabez\u00f3 Torres del Sel y Scarinci. <\/b><\/i><\/span><\/span><\/p>\n<p style=\"text-align: justify;\"><span style=\"color: #000000; font-size: 120%;\"><span style=\"font-family: Cambria, serif;\">El ppdo. lunes 9 de junio en horas de la ma\u00f1ana comenz\u00f3 el primer Juicio Oral y P\u00fablico bajo la modalidad de <b>\u201cJuicios por Jurados\u201d<\/b>. Se trata de un hecho hist\u00f3rico para el Poder Judicial Santafesino. <\/span><\/span><\/p>\n<p style=\"text-align: justify;\"><span style=\"color: #000000; font-size: 120%;\"><span style=\"font-family: Cambria, serif;\">Las instancias previas al juicio fueron precedidas de la audiencia de selecci\u00f3n final de los jurados. Es decir, las partes debatieron qui\u00e9nes pod\u00edan ser recusados o bien quienes hab\u00edan solicitado la excusaci\u00f3n por determinados motivos. Aceptadas o rechazadas las impugnaciones a los jurados se procedi\u00f3 a la <b>selecci\u00f3n de 12 ciudadanos\/as<\/b> que son los que finalmente emitiron el veredicto final el d\u00eda de martes 10. Adem\u00e1s, quedaron otros 2 como suplentes para el caso de que se hubiese necesitado su reemplazo. <\/span><\/span><\/p>\n<p style=\"text-align: justify;\"><span style=\"color: #000000; font-size: 120%;\"><span style=\"font-family: Cambria, serif;\">Finalizado el acto de admisi\u00f3n y conformaci\u00f3n de los mismos, se pas\u00f3 a la instancia de alegatos iniciales en donde tanto el MPA (Ministerio Publico de la Acusaci\u00f3n) como la Defensa T\u00e9cnica particular esbozaron sus <b>respectivas teor\u00edas del caso.<\/b> Luego, comenz\u00f3 la etapa de introducci\u00f3n de la prueba, en donde declararon diferentes testigos. <\/span><\/span><\/p>\n<blockquote><p><strong><span style=\"font-size: 85%; color: #008000;\"><span style=\"font-family: Cambria, serif;\"><i><u>AUTORIDADES PRESENTES. <\/u><\/i><\/span><span style=\"font-family: Cambria, serif;\"><span lang=\"es-AR\">Dada la relevancia hist\u00f3rica que tiene esta modalidad de juzgamiento de delitos, se hicieron presentes en los Tribunales de San Crist\u00f3bal distintas autoridades judiciales y pol\u00edticas, entre ellos, el Ministro de Justicia y Seguridad Pablo Cococcioni, el Secretario de Justicia Santiago Mascheroni, la Fiscal General del Ministerio P\u00fablico de la Acusaci\u00f3n Mar\u00eda Cecilia Vranicich, el Fiscal Regional Carlos Vottero y el Senador por el departamento San<\/span><\/span><span style=\"font-family: Cambria, serif;\"><span lang=\"es-AR\">Crist\u00f3bal Felipe Michlig.<\/span><\/span><\/span><\/strong><\/p><\/blockquote>\n<p style=\"text-align: justify;\"><span style=\"font-size: 120%; color: #000000;\"><span style=\"font-family: Cambria, serif;\"><span lang=\"es-AR\">Este hecho <\/span><\/span><span style=\"font-family: Cambria, serif;\"><span lang=\"es-AR\"><b>hist\u00f3rico en el Poder Judicial de Santa Fe<\/b><\/span><\/span><span style=\"font-family: Cambria, serif;\"><span lang=\"es-AR\"> empieza a marcar un antes y un despu\u00e9s en materia de juzgamiento de delitos en procesos penales (criminales). La \u00f3rbita de actuaci\u00f3n del Jurado Popular es en debate oral teniendo que asumir la carga p\u00fablica de condenar o absolver a qui\u00e9n resulta imputado de un delito.<\/span><\/span><\/span><\/p>\n<p style=\"text-align: justify;\"><span style=\"color: #000000; font-size: 120%;\"><span style=\"font-family: Cambria, serif;\">El debate fue presidido por el juez Nicol\u00e1s Stegmayer, actuando los fiscales del Ministerio P\u00fablico de la Acusaci\u00f3n (MPA) de San Crist\u00f3bal, Silvina Verney y Hemilse Fissore y los abogados defensores particulares Claudio Torres del Sel y Scarinci Federico, quienes asisten t\u00e9cnicamente al imputado R.A.U.<\/span><\/span><\/p>\n<p style=\"text-align: justify;\"><span style=\"color: #000000; font-size: 120%;\"><span style=\"font-family: Cambria, serif;\">El martes 10 desde las <b>8 se continu\u00f3 con las declaraciones testimoniales, <\/b>en las que ambas partes introdujeron sus alegatos finales y el \u201cJurado Popular\u201d\u00a0 deliber\u00f3\u00a0 y emiti\u00f3 su veredicto condenatorio. <\/span><\/span><\/p>\n<p style=\"text-align: justify;\"><span style=\"font-family: Cambria, serif; font-size: 120%; color: #000000;\"><i><u><b>\u00bfQu\u00e9 es el Juicio por Jurados?<\/b><\/u><\/i><\/span><\/p>\n<p style=\"text-align: justify;\"><span style=\"font-family: Cambria, serif; font-size: 120%; color: #000000;\">El juicio por jurados es una forma de participaci\u00f3n ciudadana en la justicia penal.<\/span><\/p>\n<p style=\"text-align: justify;\"><span style=\"font-family: Cambria, serif; font-size: 120%; color: #000000;\"><i><u><b>Integraci\u00f3n del Jurado<\/b><\/u><\/i><\/span><\/p>\n<p style=\"text-align: justify;\"><span style=\"font-family: Cambria, serif; font-size: 120%; color: #000000;\">El Jurado se integra por sorteo p\u00fablico. Lo conforman doce ciudadanos que decidir\u00e1n, en juicio oral y p\u00fablico por delitos penales, si un acusado es culpable o no lo es.<\/span><\/p>\n<p style=\"text-align: justify;\"><span style=\"font-family: Cambria, serif; font-size: 120%; color: #000000;\"><i><u><b>Participaci\u00f3n ciudadana<\/b><\/u><\/i><\/span><\/p>\n<p style=\"text-align: justify;\"><span style=\"font-family: Cambria, serif; font-size: 120%; color: #000000;\">La participaci\u00f3n en los jurados no requiere conocimientos espec\u00edficos legales ni de ninguna otra \u00edndole. Es una forma ciudadana de contribuir con la prestaci\u00f3n del servicio de justicia, ejerciendo una funci\u00f3n -hasta ahora- reservada \u00fanicamente al Estado en la administraci\u00f3n de la justicia penal. La misma es una carga p\u00fablica y no afecta sus derechos ciudadanos.<\/span><\/p>\n<p style=\"text-align: justify;\"><span style=\"font-family: Cambria, serif; font-size: 120%; color: #000000;\"><i><u><b>Funcionamiento<\/b><\/u><\/i><\/span><\/p>\n<p style=\"text-align: justify;\"><span style=\"font-family: Cambria, serif; font-size: 120%; color: #000000;\">Para el desempe\u00f1o de su rol el jurado recibe instrucciones generales del Juez penal quien es el responsable de guiar el proceso judicial.<\/span><\/p>\n<p style=\"text-align: justify;\"><span style=\"font-family: Cambria, serif; font-size: 120%; color: #000000;\">El jurado presencia las diferentes audiencias de un juicio donde se exponen las acusaciones, defensas y declaraciones de los testigos.<\/span><\/p>\n<p style=\"text-align: justify;\"><span style=\"font-family: Cambria, serif; font-size: 120%; color: #000000;\"><i><u><b>Veredicto<\/b><\/u><\/i><\/span><\/p>\n<p style=\"text-align: justify;\"><span style=\"font-family: Cambria, serif; font-size: 120%; color: #000000;\">Para lograr el veredicto de culpabilidad o no culpabilidad el jurado delibera de forma secreta hasta obtener una decisi\u00f3n un\u00e1nime.<\/span><\/p>\n<p style=\"text-align: justify;\"><span style=\"font-family: Cambria, serif; font-size: 120%; color: #000000;\">Tras la decisi\u00f3n del jurado el juez es el encargado de continuar los pasos del juicio: a) si el veredicto es \u201cno culpable\u201d el juez dictar\u00e1 la absoluci\u00f3n del acusado; b) si el veredicto es \u201cculpable\u201d el juez determinar\u00e1 la pena correspondiente.<\/span><\/p>\n<p style=\"text-align: justify;\"><span style=\"color: #000000; font-size: 120%;\"><span style=\"font-family: Cambria, serif;\"><b>San Crist\u00f3bal<\/b>, 9 de junio de 2025. <\/span><\/span><\/p>\n<p style=\"text-align: justify;\"><span style=\"color: #000000; font-size: 120%;\"><span style=\"font-family: Cambria, serif;\"><span lang=\"es-AR\"><b>PRENSA \/ PODER JUDICIAL DE SANTA FE<\/b><\/span><\/span><\/span><\/p>\n<div class=\"gsp_post_data\" data-post_type=\"comunicado_de_prensa\" data-cat=\"comunicados-de-prensa\" data-modified=\"120\" data-title=\"Se llev\u00f3 a cabo el primer Juicio Oral y P\u00fablico con Jurado Popular\" data-home=\"https:\/\/www.justiciasantafe.gov.ar\"><\/div>","protected":false},"excerpt":{"rendered":"<p>Hecho hist\u00f3rico en el Poder Judicial de Santa Fe<\/p>\n","protected":false},"author":50,"featured_media":48475,"template":"","format":"standard","meta":{"_acf_changed":false,"footnotes":""},"categories":[22],"tags":[4108],"class_list":["post-48445","comunicado_de_prensa","type-comunicado_de_prensa","status-publish","format-standard","has-post-thumbnail","hentry","category-comunicados-de-prensa","tag-novedades"],"acf":{"i2t_anio":2025,"i2t_id_historico":"","i2t_autor_historico":""},"_links":{"self":[{"href":"https:\/\/www.justiciasantafe.gov.ar\/index.php\/wp-json\/wp\/v2\/comunicado_de_prensa\/48445","targetHints":{"allow":["GET"]}}],"collection":[{"href":"https:\/\/www.justiciasantafe.gov.ar\/index.php\/wp-json\/wp\/v2\/comunicado_de_prensa"}],"about":[{"href":"https:\/\/www.justiciasantafe.gov.ar\/index.php\/wp-json\/wp\/v2\/types\/comunicado_de_prensa"}],"author":[{"embeddable":true,"href":"https:\/\/www.justiciasantafe.gov.ar\/index.php\/wp-json\/wp\/v2\/users\/50"}],"version-history":[{"count":0,"href":"https:\/\/www.justiciasantafe.gov.ar\/index.php\/wp-json\/wp\/v2\/comunicado_de_prensa\/48445\/revisions"}],"wp:featuredmedia":[{"embeddable":true,"href":"https:\/\/www.justiciasantafe.gov.ar\/index.php\/wp-json\/wp\/v2\/media\/48475"}],"wp:attachment":[{"href":"https:\/\/www.justiciasantafe.gov.ar\/index.php\/wp-json\/wp\/v2\/media?parent=48445"}],"wp:term":[{"taxonomy":"category","embeddable":true,"href":"https:\/\/www.justiciasantafe.gov.ar\/index.php\/wp-json\/wp\/v2\/categories?post=48445"},{"taxonomy":"post_tag","embeddable":true,"href":"https:\/\/www.justiciasantafe.gov.ar\/index.php\/wp-json\/wp\/v2\/tags?post=48445"}],"curies":[{"name":"wp","href":"https:\/\/api.w.org\/{rel}","templated":true}]}}