 {"id":54771,"date":"2025-10-02T11:39:15","date_gmt":"2025-10-02T14:39:15","guid":{"rendered":"https:\/\/www.justiciasantafe.gov.ar\/?post_type=comunicado_de_prensa&#038;p=54771"},"modified":"2025-10-03T14:55:07","modified_gmt":"2025-10-03T17:55:07","slug":"la-corte-suprema-dispuso-un-aumento-del-monto-en-la-unidad-jus-ley-7055-3","status":"publish","type":"comunicado_de_prensa","link":"https:\/\/www.justiciasantafe.gov.ar\/index.php\/comunicado_de_prensa\/la-corte-suprema-dispuso-un-aumento-del-monto-en-la-unidad-jus-ley-7055-3\/","title":{"rendered":"La Corte Suprema dispuso un aumento del monto  en la Unidad Jus Ley 7055"},"content":{"rendered":"<div class=\"pdfprnt-buttons pdfprnt-buttons-comunicado_de_prensa pdfprnt-top-right\"><a href=\"https:\/\/www.justiciasantafe.gov.ar\/index.php\/wp-json\/wp\/v2\/comunicado_de_prensa\/54771?print=pdf\" class=\"pdfprnt-button pdfprnt-button-pdf\" target=\"_blank\"><img decoding=\"async\" src=\"https:\/\/www.justiciasantafe.gov.ar\/wp-content\/plugins\/pdf-print-pro\/images\/pdf.png?357112440\" alt=\"image_pdf\" title=\"Ver PDF\" \/><\/a><a href=\"https:\/\/www.justiciasantafe.gov.ar\/index.php\/wp-json\/wp\/v2\/comunicado_de_prensa\/54771?print=print\" class=\"pdfprnt-button pdfprnt-button-print\" target=\"_blank\"><img decoding=\"async\" src=\"https:\/\/www.justiciasantafe.gov.ar\/wp-content\/plugins\/pdf-print-pro\/images\/print.png?1674575983\" alt=\"image_print\" title=\"Imprimir contenido\" \/><\/a><\/div><p lang=\"es-AR\" align=\"JUSTIFY\"><span style=\"font-family: Cambria, serif; font-size: 120%; color: #000000;\"><i><b>El m\u00f3dulo se actualiz\u00f3 a 50mil pesos. Tambi\u00e9n se modific\u00f3 el valor de la Unidad Jus del art. 32 de la Ley 12.851.<\/b><\/i><\/span><\/p>\n<p align=\"JUSTIFY\"><span style=\"font-size: 120%; color: #000000;\"><span style=\"font-family: Cambria, serif;\"><span lang=\"es-AR\">L<\/span><\/span><span style=\"font-family: Cambria, serif;\">a Corte Suprema de Justicia de Santa Fe en Acuerdo Ordinario del 1 de octubre de 2025, fij\u00f3 el valor de la unidad jus a los fines del <\/span><span style=\"font-family: Cambria, serif;\"><b>\u201cRecurso de Inconstitucionalidad\u201d<\/b><\/span><span style=\"font-family: Cambria, serif;\"> previsto en el <\/span><span style=\"font-family: Cambria, serif;\"><b>art. 8\u00b0 de la Ley n\u00b0 7055<\/b><\/span><span style=\"font-family: Cambria, serif;\">, modificada por la ley n\u00b0 13.360, <\/span><span style=\"font-family: Cambria, serif;\"><b>en la suma de 50 mil pesos<\/b><\/span><span style=\"font-family: Cambria, serif;\">, estableciendo que dicho valor regir\u00e1 a partir del <\/span><span style=\"font-family: Cambria, serif;\"><b>lunes 6 de octubre de 2025.<\/b><\/span><\/span><\/p>\n<p align=\"JUSTIFY\"><span style=\"font-size: 120%; color: #000000;\"><span style=\"font-family: Cambria, serif;\"><i><u><b>Nuevo monto de la Unidad Jus del Art. 32 &#8211; Ley 12.851<\/b><\/u><\/i><\/span><\/span><\/p>\n<p align=\"JUSTIFY\"><span style=\"font-size: 120%; color: #000000;\"><span style=\"font-family: Cambria, serif;\">Asimismo, por resoluci\u00f3n de Secretar\u00eda de Gobierno de la Corte Suprema, se fij\u00f3 el monto de la Unidad Jus prevista en el art\u00edculo 32 de la ley 12.851, en <b>$107.301,74<\/b> (pesos ciento siete mil trecientos uno con 74 centavos) a partir del <b>1 de agosto de 2025.<\/b><\/span><\/span><\/p>\n<p align=\"LEFT\"><span style=\"font-size: 120%; color: #000000;\"><span style=\"font-family: Cambria, serif;\">Para mayor informaci\u00f3n consultar en: <a style=\"color: #000000;\" href=\"https:\/\/www.justiciasantafe.gov.ar\/index.php\/poder-judicial\/informacion-general\/unidad-jus\/\"><span style=\"color: #0000ff;\">https:\/\/www.justiciasantafe.gov.ar\/index.php\/poder-judicial\/informacion-general\/unidad-jus\/<\/span><\/a><\/span><\/span><\/p>\n<p align=\"JUSTIFY\"><span style=\"font-family: Cambria, serif; font-size: 120%; color: #000000;\">Santa Fe, 2 de octubre de 2025.<\/span><\/p>\n<h1 class=\"western\"><span style=\"font-family: Cambria, serif;\">\u00a0<\/span><\/h1>\n<div class=\"gsp_post_data\" data-post_type=\"comunicado_de_prensa\" data-cat=\"comunicados-de-prensa\" data-modified=\"120\" data-title=\"La Corte Suprema dispuso un aumento del monto  en la Unidad Jus Ley 7055\" data-home=\"https:\/\/www.justiciasantafe.gov.ar\"><\/div>","protected":false},"excerpt":{"rendered":"<p>Tambi\u00e9n se modific\u00f3 el valor de la Unidad Jus del art. 32 de la Ley 12.851.<\/p>\n","protected":false},"author":50,"featured_media":54773,"template":"","format":"standard","meta":{"_acf_changed":false,"footnotes":""},"categories":[22],"tags":[],"class_list":["post-54771","comunicado_de_prensa","type-comunicado_de_prensa","status-publish","format-standard","has-post-thumbnail","hentry","category-comunicados-de-prensa"],"acf":{"i2t_anio":2026,"i2t_id_historico":"","i2t_autor_historico":""},"_links":{"self":[{"href":"https:\/\/www.justiciasantafe.gov.ar\/index.php\/wp-json\/wp\/v2\/comunicado_de_prensa\/54771","targetHints":{"allow":["GET"]}}],"collection":[{"href":"https:\/\/www.justiciasantafe.gov.ar\/index.php\/wp-json\/wp\/v2\/comunicado_de_prensa"}],"about":[{"href":"https:\/\/www.justiciasantafe.gov.ar\/index.php\/wp-json\/wp\/v2\/types\/comunicado_de_prensa"}],"author":[{"embeddable":true,"href":"https:\/\/www.justiciasantafe.gov.ar\/index.php\/wp-json\/wp\/v2\/users\/50"}],"version-history":[{"count":0,"href":"https:\/\/www.justiciasantafe.gov.ar\/index.php\/wp-json\/wp\/v2\/comunicado_de_prensa\/54771\/revisions"}],"wp:featuredmedia":[{"embeddable":true,"href":"https:\/\/www.justiciasantafe.gov.ar\/index.php\/wp-json\/wp\/v2\/media\/54773"}],"wp:attachment":[{"href":"https:\/\/www.justiciasantafe.gov.ar\/index.php\/wp-json\/wp\/v2\/media?parent=54771"}],"wp:term":[{"taxonomy":"category","embeddable":true,"href":"https:\/\/www.justiciasantafe.gov.ar\/index.php\/wp-json\/wp\/v2\/categories?post=54771"},{"taxonomy":"post_tag","embeddable":true,"href":"https:\/\/www.justiciasantafe.gov.ar\/index.php\/wp-json\/wp\/v2\/tags?post=54771"}],"curies":[{"name":"wp","href":"https:\/\/api.w.org\/{rel}","templated":true}]}}