 {"id":54857,"date":"2025-10-03T14:55:13","date_gmt":"2025-10-03T17:55:13","guid":{"rendered":"https:\/\/www.justiciasantafe.gov.ar\/?post_type=comunicado_de_prensa&#038;p=54857"},"modified":"2025-10-03T14:56:04","modified_gmt":"2025-10-03T17:56:04","slug":"133-aniversario-instauracion-de-la-corte-suprema","status":"publish","type":"comunicado_de_prensa","link":"https:\/\/www.justiciasantafe.gov.ar\/index.php\/comunicado_de_prensa\/133-aniversario-instauracion-de-la-corte-suprema\/","title":{"rendered":"133\u00b0 ANIVERSARIO &#8211; INSTAURACI\u00d3N DE LA CORTE SUPREMA"},"content":{"rendered":"<div class=\"pdfprnt-buttons pdfprnt-buttons-comunicado_de_prensa pdfprnt-top-right\"><a href=\"https:\/\/www.justiciasantafe.gov.ar\/index.php\/wp-json\/wp\/v2\/comunicado_de_prensa\/54857?print=pdf\" class=\"pdfprnt-button pdfprnt-button-pdf\" target=\"_blank\"><img decoding=\"async\" src=\"https:\/\/www.justiciasantafe.gov.ar\/wp-content\/plugins\/pdf-print-pro\/images\/pdf.png?357112440\" alt=\"image_pdf\" title=\"Ver PDF\" \/><\/a><a href=\"https:\/\/www.justiciasantafe.gov.ar\/index.php\/wp-json\/wp\/v2\/comunicado_de_prensa\/54857?print=print\" class=\"pdfprnt-button pdfprnt-button-print\" target=\"_blank\"><img decoding=\"async\" src=\"https:\/\/www.justiciasantafe.gov.ar\/wp-content\/plugins\/pdf-print-pro\/images\/print.png?1674575983\" alt=\"image_print\" title=\"Imprimir contenido\" \/><\/a><\/div><div class=\"x1qjc9v5 x972fbf x10w94by x1qhh985 x14e42zd x9f619 x78zum5 xdt5ytf x2lah0s xk390pu xdj266r x14z9mp xat24cr x1lziwak xexx8yu xyri2b x18d9i69 x1c1uobl x1n2onr6 xggy1nq x11njtxf\" tabindex=\"0\" role=\"button\">\n<div class=\"_a9zm\">\n<div class=\"_a9zn _a9zo\">\n<div class=\"_a9zr\">\n<div class=\"xt0psk2\">\n<h4 class=\"_ap3a _aaco _aacu _aacx _aad7 _aade\" dir=\"auto\" style=\"text-align: justify;\"><span style=\"font-size: 120%; color: #000000;\"><strong>133\u00b0 ANIVERSARIO<\/strong> &#8211; Instauraci\u00f3n de la Corte Suprema de Justicia de la Provincia de Santa Fe (3 de octubre de 1892).<\/span><\/h4>\n<p><span style=\"font-size: 120%; color: #000000;\">El plaquetario del Palacio de Tribunales es una obra art\u00edstica realizada en m\u00e1rmol con la escultura de la balanza de la Justicia.<\/span><\/p>\n<p><span style=\"font-size: 120%; color: #000000;\">Fue realizado por el artista y escultor H\u00e9ctor Welschen e inaugurado el 3 de Octubre de 1992 en conmemoraci\u00f3n del Centenario de la Corte Suprema de Justicia de la Provincia de Santa Fe.<\/span><\/p>\n<p><span style=\"font-size: 120%; color: #000000;\">Las inscripciones recuerdan los nombres de los magistrados\/as que, en las distintas \u00e9pocas, han integrado el m\u00e1ximo \u00f3rgano de Justicia en la provincia.<\/span><\/p>\n<p><span style=\"font-size: 120%; color: #000000;\">El plaquetario se ubica en el 2\u00b0 Piso del Palacio de Tribunales de la ciudad de Santa Fe.<\/span><\/p>\n<\/div>\n<h4 class=\"html-div x14z9mp x1lziwak xexx8yu xyri2b x18d9i69 x1c1uobl x9f619 xjbqb8w x78zum5 x15mokao x1ga7v0g x16uus16 xbiv7yw x1xmf6yo x12nagc x1n2onr6 x1plvlek xryxfnj x1c4vz4f x2lah0s xdt5ytf xqjyukv x1qjc9v5 x1oa3qoh x1nhvcw1\" style=\"text-align: justify;\"><span class=\"x1lliihq x1plvlek xryxfnj x1n2onr6 xyejjpt x15dsfln x193iq5w xeuugli x1fj9vlw x13faqbe x1vvkbs x1s928wv xhkezso x1gmr53x x1cpjm7i x1fgarty x1943h6x x1i0vuye x1fhwpqd xo1l8bm x1roi4f4 x1s3etm8 x676frb x10wh9bi xpm28yp x8viiok x1o7cslx\" dir=\"ltr\" style=\"font-size: 120%; color: #000000;\"><time class=\"_a9ze _a9zf\" title=\"3 de octubre de 2025\" datetime=\"2025-10-03T10:41:03.000Z\">Santa Fe, 3 de octubre de 2025.<br \/>\n<\/time><\/span><\/h4>\n<\/div>\n<\/div>\n<\/div>\n<\/div>\n<div class=\"gsp_post_data\" data-post_type=\"comunicado_de_prensa\" data-cat=\"comunicados-de-prensa\" data-modified=\"120\" data-title=\"133\u00b0 ANIVERSARIO &#8211; INSTAURACI\u00d3N DE LA CORTE SUPREMA\" data-home=\"https:\/\/www.justiciasantafe.gov.ar\"><\/div>","protected":false},"excerpt":{"rendered":"<p>La Instauraci\u00f3n de la Corte Suprema de Justicia de la Provincia de Santa Fe aconteci\u00f3 un 3 de octubre de 1892.<\/p>\n","protected":false},"author":50,"featured_media":54863,"template":"","format":"standard","meta":{"_acf_changed":false,"footnotes":""},"categories":[22],"tags":[3128,4108],"class_list":["post-54857","comunicado_de_prensa","type-comunicado_de_prensa","status-publish","format-standard","has-post-thumbnail","hentry","category-comunicados-de-prensa","tag-bannerhome","tag-novedades"],"acf":{"i2t_anio":2025,"i2t_id_historico":"","i2t_autor_historico":""},"_links":{"self":[{"href":"https:\/\/www.justiciasantafe.gov.ar\/index.php\/wp-json\/wp\/v2\/comunicado_de_prensa\/54857","targetHints":{"allow":["GET"]}}],"collection":[{"href":"https:\/\/www.justiciasantafe.gov.ar\/index.php\/wp-json\/wp\/v2\/comunicado_de_prensa"}],"about":[{"href":"https:\/\/www.justiciasantafe.gov.ar\/index.php\/wp-json\/wp\/v2\/types\/comunicado_de_prensa"}],"author":[{"embeddable":true,"href":"https:\/\/www.justiciasantafe.gov.ar\/index.php\/wp-json\/wp\/v2\/users\/50"}],"version-history":[{"count":0,"href":"https:\/\/www.justiciasantafe.gov.ar\/index.php\/wp-json\/wp\/v2\/comunicado_de_prensa\/54857\/revisions"}],"wp:featuredmedia":[{"embeddable":true,"href":"https:\/\/www.justiciasantafe.gov.ar\/index.php\/wp-json\/wp\/v2\/media\/54863"}],"wp:attachment":[{"href":"https:\/\/www.justiciasantafe.gov.ar\/index.php\/wp-json\/wp\/v2\/media?parent=54857"}],"wp:term":[{"taxonomy":"category","embeddable":true,"href":"https:\/\/www.justiciasantafe.gov.ar\/index.php\/wp-json\/wp\/v2\/categories?post=54857"},{"taxonomy":"post_tag","embeddable":true,"href":"https:\/\/www.justiciasantafe.gov.ar\/index.php\/wp-json\/wp\/v2\/tags?post=54857"}],"curies":[{"name":"wp","href":"https:\/\/api.w.org\/{rel}","templated":true}]}}