 {"id":54974,"date":"2025-10-03T14:54:27","date_gmt":"2025-10-03T17:54:27","guid":{"rendered":"https:\/\/www.justiciasantafe.gov.ar\/?post_type=comunicado_de_prensa&#038;p=54974"},"modified":"2025-10-20T13:26:58","modified_gmt":"2025-10-20T16:26:58","slug":"llaman-a-cubrir-distintos-cargos-de-funcionarios","status":"publish","type":"comunicado_de_prensa","link":"https:\/\/www.justiciasantafe.gov.ar\/index.php\/comunicado_de_prensa\/llaman-a-cubrir-distintos-cargos-de-funcionarios\/","title":{"rendered":"Llaman a cubrir distintos cargos de funcionarios"},"content":{"rendered":"<div class=\"pdfprnt-buttons pdfprnt-buttons-comunicado_de_prensa pdfprnt-top-right\"><a href=\"https:\/\/www.justiciasantafe.gov.ar\/index.php\/wp-json\/wp\/v2\/comunicado_de_prensa\/54974?print=pdf\" class=\"pdfprnt-button pdfprnt-button-pdf\" target=\"_blank\"><img decoding=\"async\" src=\"https:\/\/www.justiciasantafe.gov.ar\/wp-content\/plugins\/pdf-print-pro\/images\/pdf.png?357112440\" alt=\"image_pdf\" title=\"Ver PDF\" \/><\/a><a href=\"https:\/\/www.justiciasantafe.gov.ar\/index.php\/wp-json\/wp\/v2\/comunicado_de_prensa\/54974?print=print\" class=\"pdfprnt-button pdfprnt-button-print\" target=\"_blank\"><img decoding=\"async\" src=\"https:\/\/www.justiciasantafe.gov.ar\/wp-content\/plugins\/pdf-print-pro\/images\/print.png?1674575983\" alt=\"image_print\" title=\"Imprimir contenido\" \/><\/a><\/div><p class=\"western\" lang=\"es-AR\" align=\"JUSTIFY\"><span style=\"color: #000000;\"><span style=\"font-family: Cambria, serif;\"><span style=\"font-size: medium;\">La Corte Suprema de Justicia de Santa Fe recuerda que este lunes 6 de octubre de 2025 se abrir\u00e1 la inscripci\u00f3n para la cobertura de los siguientes cargos:<\/span><\/span><\/span><\/p>\n<ul>\n<li>\n<p class=\"western\" lang=\"es-AR\" align=\"JUSTIFY\"><span style=\"color: #000000;\"><span style=\"font-family: Cambria, serif;\"><span style=\"font-size: medium;\">a) seis cargos de Secretario de Primera Instancia de Distrito para desempe\u00f1arse en los Tribunales de Santa Fe; <\/span><\/span><\/span><\/p>\n<\/li>\n<li>\n<p class=\"western\" lang=\"es-AR\" align=\"JUSTIFY\"><span style=\"color: #000000;\"><span style=\"font-family: Cambria, serif;\"><span style=\"font-size: medium;\">b) un cargo de Secretario de Primera Instancia de Circuito para la Oficina de Procesos Ejecutivos para desempe\u00f1arse en los Tribunales de Santa Fe; <\/span><\/span><\/span><\/p>\n<\/li>\n<li>\n<p class=\"western\" lang=\"es-AR\" align=\"JUSTIFY\"><span style=\"color: #000000;\"><span style=\"font-family: Cambria, serif;\"><span style=\"font-size: medium;\">c) un cargo de Secretario para la Oficina de Certificaciones de los Tribunales de Santa Fe (categor\u00eda presupuestaria de Secretario de Primera Instancia de Distrito), y toda otra tarea que la Corte Suprema de Justicia le encomiende, con dedicaci\u00f3n semanal m\u00ednima de 45 horas;<\/span><\/span><\/span><\/p>\n<\/li>\n<li>\n<p class=\"western\" lang=\"es-AR\" align=\"JUSTIFY\"><span style=\"color: #000000;\"><span style=\"font-family: Cambria, serif;\"><span style=\"font-size: medium;\">d) un cargo de Secretario para la Oficina de Certificaciones de los Tribunales de Santa Fe (categor\u00eda presupuestaria de Secretario de Primera Instancia de Circuito), y toda otra tarea que la Corte Suprema de Justicia le encomiende, con dedicaci\u00f3n semanal m\u00ednima de 45 horas;<\/span><\/span><\/span><\/p>\n<\/li>\n<li>\n<p class=\"western\" lang=\"es-AR\" align=\"JUSTIFY\"><span style=\"color: #000000;\"><span style=\"font-family: Cambria, serif;\"><span style=\"font-size: medium;\">e) un cargo de Secretario de Primera Instancia de Circuito para el Circuito Judicial N\u00b0 20 (G\u00e1lvez);<\/span><\/span><\/span><\/p>\n<\/li>\n<li>\n<p class=\"western\" lang=\"es-AR\" align=\"JUSTIFY\"><span style=\"color: #000000;\"><span style=\"font-family: Cambria, serif;\"><span style=\"font-size: medium;\">f) un cargo de Oficial de Justicia para el Circuito Judicial N\u00b0 24 (San Carlos Centro), y toda otra tarea que la Corte Suprema de Justicia le encomiende; <\/span><\/span><\/span><\/p>\n<\/li>\n<li>\n<p class=\"western\" lang=\"es-AR\" align=\"JUSTIFY\"><span style=\"color: #000000;\"><span style=\"font-family: Cambria, serif;\"><span style=\"font-size: medium;\">g) un cargo de Abogado Relator para la Secretar\u00eda T\u00e9cnica de la Corte Suprema de Justicia en Santa Fe (categor\u00eda presupuestaria de Juez de Primera Instancia de Distrito), y toda otra tarea que la Corte Suprema de Justicia le encomiende; <\/span><\/span><\/span><\/p>\n<\/li>\n<li>\n<p class=\"western\" lang=\"es-AR\" align=\"JUSTIFY\"><span style=\"color: #000000;\"><span style=\"font-family: Cambria, serif;\"><span style=\"font-size: medium;\">h) un cargo de Abogado Relator para la Secretar\u00eda T\u00e9cnica de la Corte Suprema de Justicia en Santa Fe (categor\u00eda presupuestaria de Secretario de Primera Instancia de Distrito), y toda otra tarea que la Corte Suprema de Justicia le encomiende, con dedicaci\u00f3n semanal m\u00ednima de 45 horas;<\/span><\/span><\/span><\/p>\n<\/li>\n<li>\n<p class=\"western\" lang=\"es-AR\" align=\"JUSTIFY\"><span style=\"color: #000000;\"><span style=\"font-family: Cambria, serif;\"><span style=\"font-size: medium;\">i) un cargo de Asistente de Oficina de Arquitectura de los Tribunales de Santa Fe (categor\u00eda presupuestaria de Jefe de Departamento), y toda otra tarea que la Corte Suprema de Justicia le encomiende, con dedicaci\u00f3n semanal m\u00ednima de 45 horas; <\/span><\/span><\/span><\/p>\n<\/li>\n<li>\n<p class=\"western\" lang=\"es-AR\" align=\"JUSTIFY\"><span style=\"color: #000000;\"><span style=\"font-family: Cambria, serif;\"><span style=\"font-size: medium;\">j) un cargo de Jefe de Ceremonial y Protocolo de la Secretar\u00eda Privada de Presidencia de la Corte Suprema de Justicia en Santa Fe (categor\u00eda presupuestaria de Secretario de Primera Instancia de Circuito), y toda otra tarea que la Corte Suprema de Justicia le encomiende, con dedicaci\u00f3n semanal m\u00ednima de 45 horas; <\/span><\/span><\/span><\/p>\n<\/li>\n<li>\n<p class=\"western\" lang=\"es-AR\" align=\"JUSTIFY\"><span style=\"color: #000000;\"><span style=\"font-family: Cambria, serif;\"><span style=\"font-size: medium;\">k) un cargo de Secretario de C\u00e1mara para la Oficina de Gesti\u00f3n Judicial de Segunda Instancia de los Tribunales de Santa Fe;<\/span><\/span><\/span><\/p>\n<\/li>\n<li>\n<p class=\"western\" lang=\"es-AR\" align=\"JUSTIFY\"><span style=\"color: #000000;\"><span style=\"font-family: Cambria, serif;\"><span style=\"font-size: medium;\">l) un cargo de Secretario de C\u00e1mara de Apelaci\u00f3n para los Tribunales de Santa Fe; y, <\/span><\/span><\/span><\/p>\n<\/li>\n<li>\n<p class=\"western\" lang=\"es-AR\" align=\"JUSTIFY\"><span style=\"color: #000000;\"><span style=\"font-family: Cambria, serif;\"><span style=\"font-size: medium;\">m) un cargo de Oficial de Justicia para cumplir funciones en la Secretar\u00eda T\u00e9cnica de la Corte Suprema de Justicia en Santa Fe, y toda otra tarea que la Corte Suprema de Justicia le encomiende, con dedicaci\u00f3n semanal m\u00ednima de 45 horas.<\/span><\/span><\/span><\/p>\n<\/li>\n<\/ul>\n<p class=\"western\" lang=\"es-AR\" align=\"JUSTIFY\"><span style=\"color: #000000;\"><span style=\"font-family: Cambria, serif;\"><span style=\"font-size: medium;\">El car\u00e1cter de los mismos es<b> abierto, de antecedentes y en su caso oposici\u00f3n. <\/b><\/span><\/span><\/span><\/p>\n<p class=\"western\" lang=\"es-AR\" align=\"JUSTIFY\"><span style=\"color: #000000;\"><span style=\"font-family: Cambria, serif;\"><span style=\"font-size: medium;\">El per\u00edodo de inscripci\u00f3n qued\u00f3 establecido del 6 al 17 de octubre del corriente a\u00f1o, ambas fechas inclusive, debiendo los interesados presentar las respectivas solicitudes en la Mesa de Entradas de la Secretar\u00eda de Gobierno de la Corte Suprema en Santa Fe.<\/span><\/span><\/span><\/p>\n<p class=\"western\" lang=\"es-AR\" align=\"JUSTIFY\"><span style=\"color: #000000;\"><span style=\"font-family: Cambria, serif;\"><span style=\"font-size: medium;\">Para m\u00e1s informaci\u00f3n consultar en: <span style=\"color: #3333ff;\">www.justiciasantafe.gov.ar<\/span><\/span><\/span><\/span><\/p>\n<p class=\"western\" lang=\"es-AR\" align=\"JUSTIFY\"><span style=\"color: #000000;\"><span style=\"font-family: Cambria, serif;\"><span style=\"font-size: medium;\">Santa Fe, 3 de octubre de 2025<\/span><\/span><\/span><\/p>\n<p class=\"western\" lang=\"es-AR\" align=\"JUSTIFY\"><span style=\"color: #000000;\"><span style=\"font-family: Cambria, serif;\"><span style=\"font-size: medium;\"><b>PRENSA \/ PODER JUDICIAL DE SANTA FE <\/b><\/span><\/span><\/span><\/p>\n<div class=\"gsp_post_data\" data-post_type=\"comunicado_de_prensa\" data-cat=\"comunicados-de-prensa\" data-modified=\"120\" data-title=\"Llaman a cubrir distintos cargos de funcionarios\" data-home=\"https:\/\/www.justiciasantafe.gov.ar\"><\/div>","protected":false},"excerpt":{"rendered":"<p>Las inscripciones se recibir\u00e1n desde el lunes 6 al viernes 17 de octubre de 2025. <\/p>\n","protected":false},"author":50,"featured_media":54979,"template":"","format":"standard","meta":{"_acf_changed":false,"footnotes":""},"categories":[22],"tags":[],"class_list":["post-54974","comunicado_de_prensa","type-comunicado_de_prensa","status-publish","format-standard","has-post-thumbnail","hentry","category-comunicados-de-prensa"],"acf":{"i2t_anio":2025,"i2t_id_historico":"","i2t_autor_historico":""},"_links":{"self":[{"href":"https:\/\/www.justiciasantafe.gov.ar\/index.php\/wp-json\/wp\/v2\/comunicado_de_prensa\/54974","targetHints":{"allow":["GET"]}}],"collection":[{"href":"https:\/\/www.justiciasantafe.gov.ar\/index.php\/wp-json\/wp\/v2\/comunicado_de_prensa"}],"about":[{"href":"https:\/\/www.justiciasantafe.gov.ar\/index.php\/wp-json\/wp\/v2\/types\/comunicado_de_prensa"}],"author":[{"embeddable":true,"href":"https:\/\/www.justiciasantafe.gov.ar\/index.php\/wp-json\/wp\/v2\/users\/50"}],"version-history":[{"count":0,"href":"https:\/\/www.justiciasantafe.gov.ar\/index.php\/wp-json\/wp\/v2\/comunicado_de_prensa\/54974\/revisions"}],"wp:featuredmedia":[{"embeddable":true,"href":"https:\/\/www.justiciasantafe.gov.ar\/index.php\/wp-json\/wp\/v2\/media\/54979"}],"wp:attachment":[{"href":"https:\/\/www.justiciasantafe.gov.ar\/index.php\/wp-json\/wp\/v2\/media?parent=54974"}],"wp:term":[{"taxonomy":"category","embeddable":true,"href":"https:\/\/www.justiciasantafe.gov.ar\/index.php\/wp-json\/wp\/v2\/categories?post=54974"},{"taxonomy":"post_tag","embeddable":true,"href":"https:\/\/www.justiciasantafe.gov.ar\/index.php\/wp-json\/wp\/v2\/tags?post=54974"}],"curies":[{"name":"wp","href":"https:\/\/api.w.org\/{rel}","templated":true}]}}