 {"id":54993,"date":"2025-10-06T07:29:29","date_gmt":"2025-10-06T10:29:29","guid":{"rendered":"https:\/\/www.justiciasantafe.gov.ar\/?post_type=comunicado_de_prensa&#038;p=54993"},"modified":"2025-10-07T13:28:23","modified_gmt":"2025-10-07T16:28:23","slug":"jornadas-de-actualizacion-del-baremo-laboral-en-la-corte-suprema-de-santa-fe","status":"publish","type":"comunicado_de_prensa","link":"https:\/\/www.justiciasantafe.gov.ar\/index.php\/comunicado_de_prensa\/jornadas-de-actualizacion-del-baremo-laboral-en-la-corte-suprema-de-santa-fe\/","title":{"rendered":"Jornadas de Actualizaci\u00f3n del Baremo Laboral  en la Corte Suprema de Santa Fe"},"content":{"rendered":"<div class=\"pdfprnt-buttons pdfprnt-buttons-comunicado_de_prensa pdfprnt-top-right\"><a href=\"https:\/\/www.justiciasantafe.gov.ar\/index.php\/wp-json\/wp\/v2\/comunicado_de_prensa\/54993?print=pdf\" class=\"pdfprnt-button pdfprnt-button-pdf\" target=\"_blank\"><img decoding=\"async\" src=\"https:\/\/www.justiciasantafe.gov.ar\/wp-content\/plugins\/pdf-print-pro\/images\/pdf.png?357112440\" alt=\"image_pdf\" title=\"Ver PDF\" \/><\/a><a href=\"https:\/\/www.justiciasantafe.gov.ar\/index.php\/wp-json\/wp\/v2\/comunicado_de_prensa\/54993?print=print\" class=\"pdfprnt-button pdfprnt-button-print\" target=\"_blank\"><img decoding=\"async\" src=\"https:\/\/www.justiciasantafe.gov.ar\/wp-content\/plugins\/pdf-print-pro\/images\/print.png?1674575983\" alt=\"image_print\" title=\"Imprimir contenido\" \/><\/a><\/div><p align=\"JUSTIFY\"><span style=\"font-family: Cambria, serif; font-size: 120%; color: #000000;\"><span lang=\"es-AR\">La Corte Suprema de Justicia de Santa Fe ser\u00e1 sede, los d\u00edas 7 y 8 de octubre, de las Jornadas de actualizaci\u00f3n de la Tabla de Evaluaci\u00f3n de Incapacidades Laborales (Baremo Laboral), oficializada recientemente por el Gobierno Nacional mediante el Decreto n.\u00b0 549\/2025.<\/span><\/span><\/p>\n<p align=\"JUSTIFY\"><span style=\"font-family: Cambria, serif; font-size: 120%; color: #000000;\"><span lang=\"es-AR\">El evento contar\u00e1 con la participaci\u00f3n de destacados especialistas de la Superintendencia de Riesgos del Trabajo (SRT) y referentes del \u00e1mbito de la medicina laboral, quienes abordar\u00e1n los principales cambios y desaf\u00edos en la evaluaci\u00f3n del da\u00f1o laboral. <\/span><\/span><\/p>\n<p align=\"JUSTIFY\"><span style=\"font-family: Cambria, serif; font-size: 120%; color: #000000;\">Seg\u00fan consignaron fuentes oficiales, la actualizaci\u00f3n del \u201cBaremo\u201d responde a la necesidad de modernizar los par\u00e1metros con los que cuenta el sistema de Riesgos del Trabajo para evaluar el da\u00f1o laboral, de manera m\u00e1s eficaz, incorporando los nuevos avances en diagn\u00f3stico, evaluaci\u00f3n cl\u00ednica y condiciones laborales. \u201cEsto se traducir\u00e1 en evaluaciones m\u00e1s objetivas, con mayor respaldo t\u00e9cnico y en l\u00ednea con est\u00e1ndares internacionales\u201d, aseguraron desde la SRT.<\/span><\/p>\n<p align=\"JUSTIFY\"><span style=\"font-size: 120%; color: #000000;\"><span style=\"font-family: Cambria, serif;\">El evento ser\u00e1 transmitido por el <\/span><span style=\"font-family: Cambria, serif;\"><b>canal YouTube<\/b><\/span><span style=\"font-family: Cambria, serif;\"> del Poder Judicial de Santa Fe para todo el pa\u00eds.<\/span><\/span><\/p>\n<p align=\"JUSTIFY\"><span style=\"font-size: 120%; color: #000000;\"><span style=\"font-family: Cambria, serif;\"><br \/>\nAcceso a la transmisi\u00f3n:<\/span><u><a style=\"color: #000000;\" href=\"https:\/\/www.youtube.com\/live\/V-BodbeLiBY?si=GfkcdmLC93TohjVr\"><span style=\"font-family: Cambria, serif;\"><span lang=\"es-AR\"><span style=\"color: #0000ff;\">https:\/\/www.youtube.com\/live\/V-BodbeLiBY?si=GfkcdmLC93TohjVr<\/span><\/span><\/span><\/a><\/u><\/span><\/p>\n<p lang=\"es-AR\" align=\"JUSTIFY\"><span style=\"font-family: Cambria, serif; font-size: 120%; color: #000000;\"><i><u><b>PROGRAMA<\/b><\/u><\/i><\/span><\/p>\n<p align=\"JUSTIFY\"><span style=\"font-family: Cambria, serif; font-size: 120%; color: #000000;\"><span lang=\"es-AR\"><i><u><b>Martes 7 de octubre <\/b><\/u><\/i><\/span><\/span><\/p>\n<ul>\n<li>\n<p align=\"JUSTIFY\"><span style=\"font-family: Cambria, serif; font-size: 120%; color: #000000;\">9.00 \u2013 Bienvenida y Apertura a cargo de autoridades de la CSJSF -SRT.<\/span><\/p>\n<\/li>\n<li>\n<p align=\"JUSTIFY\"><span style=\"font-size: 120%; color: #000000;\"><span style=\"font-family: Cambria, serif;\">9.45 \u2013 <\/span><span style=\"font-family: Cambria, serif;\"><i><b>Fundamentos y conceptos claves de la actualizaci\u00f3n del Baremo<\/b><\/i><\/span><span style=\"font-family: Cambria, serif;\"> (M\u00e9dicos)<\/span><\/span><\/p>\n<\/li>\n<\/ul>\n<ul>\n<li>\n<p align=\"JUSTIFY\"><span style=\"font-family: Cambria, serif; font-size: 120%; color: #000000;\">Factores de ponderaci\u00f3n. <\/span><\/p>\n<\/li>\n<li>\n<p align=\"JUSTIFY\"><span style=\"font-family: Cambria, serif; font-size: 120%; color: #000000;\"><b>Evaluaci\u00f3n de Sistemas y Aparatos espec\u00edficos <\/b><\/span><\/p>\n<\/li>\n<\/ul>\n<p align=\"JUSTIFY\"><span style=\"font-size: 120%; color: #000000;\"><span style=\"font-family: Cambria, serif;\"><b>\u00a0\u00a0\u00a0\u00a0\u00a0\u00a0\u00a0\u00a0\u00a0\u00a0\u00a0\u00a0\u00a0\u00a0\u00a0\u00a0\u00a0\u00a0\u00a0\u00a0 Parte 1<\/b><\/span><span style=\"font-family: Cambria, serif;\">: Piel, cabeza y rostro. Oftalmolog\u00eda. <\/span><\/span><\/p>\n<ul>\n<li>\n<p align=\"JUSTIFY\"><span style=\"font-size: 120%; color: #000000;\"><span style=\"font-family: Cambria, serif;\">12.00 \u2013 <\/span><span style=\"font-family: Cambria, serif;\"><b>Evaluaci\u00f3n de Sistemas y Aparatos Espec\u00edficos<\/b><\/span><\/span><\/p>\n<ul>\n<li>\n<p align=\"JUSTIFY\"><span style=\"font-size: 120%; color: #000000;\"><span style=\"font-family: Cambria, serif;\"><b>Parte 2<\/b><\/span><span style=\"font-family: Cambria, serif;\">: Otorrinolaringolog\u00eda; Neurolog\u00eda; Respiratorio; Cardiovascular; Digestivo; Nefro \u2013 Urol\u00f3gico; Genital; Hematolog\u00eda; Nuevos Cap\u00edtulos.<\/span><\/span><\/p>\n<\/li>\n<li>\n<p align=\"JUSTIFY\"><span style=\"font-size: 120%; color: #000000;\"><b>EXPOSITORES<\/b>: Dres. Alfredo \u00c1lvarez; Joaqu\u00edn Gonz\u00e1lez Beglia y Tom\u00e1s Poli.<\/span><\/p>\n<\/li>\n<\/ul>\n<\/li>\n<\/ul>\n<ul>\n<li>\n<p align=\"JUSTIFY\"><span style=\"font-family: Cambria, serif; font-size: 120%; color: #000000;\">15.00 &#8211; Traumatolog\u00eda &#8211; Parte 1<\/span><\/p>\n<\/li>\n<li>\n<p align=\"JUSTIFY\"><span style=\"font-size: 120%; color: #000000;\">16.30 &#8211; Tramatolog\u00eda &#8211; Parte 2<\/span><\/p>\n<ul>\n<li><span style=\"font-size: 120%; color: #000000;\"><span style=\"font-family: Cambria, serif;\"><strong>EXPOSITORES:<\/strong> Dres. Alejandro Savino y\u00a0 Sebati\u00e1n Recchia.<\/span><br \/>\n<\/span><\/li>\n<\/ul>\n<\/li>\n<\/ul>\n<p align=\"JUSTIFY\"><span style=\"font-family: Cambria, serif; font-size: 120%; color: #000000;\"><i><u><b>Mi\u00e9rcoles 8 de octubre<\/b><\/u><\/i><\/span><\/p>\n<ul>\n<li>\n<p align=\"JUSTIFY\"><span style=\"font-size: 120%; color: #000000;\"><span style=\"font-family: Cambria, serif;\">9.00 \u2013 <\/span><span style=\"font-family: Cambria, serif;\"><b>Introducci\u00f3n presentaci\u00f3n de la actividad<\/b><\/span><span style=\"font-family: Cambria, serif;\"> (Abogados)<\/span><\/span><\/p>\n<\/li>\n<li>\n<p align=\"JUSTIFY\"><span style=\"font-size: 120%; color: #000000;\"><span style=\"font-family: Cambria, serif;\">10.30 \u2013 <\/span><span style=\"font-family: Cambria, serif;\"><b>Desarrollo de contenidos jur\u00eddicos.<\/b><\/span><\/span><\/p>\n<\/li>\n<li>\n<p align=\"JUSTIFY\"><span style=\"font-size: 120%; color: #000000;\"><span style=\"font-family: Cambria, serif;\">12.00 \u2013 <\/span><span style=\"font-family: Cambria, serif;\"><b>Desarrollo de contenidos m\u00e9dicos.<\/b><\/span><\/span><\/p>\n<\/li>\n<\/ul>\n<ul>\n<li>\n<p align=\"JUSTIFY\"><span style=\"font-size: 120%; color: #000000;\"><span style=\"font-family: Cambria, serif;\"><b>EXPOSITORES<\/b><\/span><span style=\"font-family: Cambria, serif;\">: Dra. Evelina Senn (STL de la CMJ de Santa Fe); Dr. Mariano Ortiz (Subgerente m\u00e9dico); Dra. Carolina Nu\u00f1ez (subgerenta de Coordinaci\u00f3n Letrada).<\/span><\/span><\/p>\n<\/li>\n<\/ul>\n<ul>\n<li>\n<p align=\"JUSTIFY\"><span style=\"font-size: 120%; color: #000000;\"><span style=\"font-family: Cambria, serif;\">14.00 \u2013 <\/span><span style=\"font-family: Cambria, serif;\"><b>Introducci\u00f3n presentaci\u00f3n de la actividad<\/b><\/span><span style=\"font-family: Cambria, serif;\"> (Poder Judicial).<\/span><\/span><\/p>\n<\/li>\n<\/ul>\n<ul>\n<li>\n<p align=\"JUSTIFY\"><span style=\"font-size: 120%; color: #000000;\"><span style=\"font-family: Cambria, serif;\">14.30 &#8211; <\/span><span style=\"font-family: Cambria, serif;\"><b>Desarrollo de contenidos jur\u00eddicos.<\/b><\/span><\/span><\/p>\n<\/li>\n<li>\n<p align=\"JUSTIFY\"><span style=\"font-size: 120%; color: #000000;\"><span style=\"font-family: Cambria, serif;\">15.30 \u2013 <\/span><span style=\"font-family: Cambria, serif;\"><b>Intercambio de preguntas y respuesta.<\/b><\/span><\/span><\/p>\n<\/li>\n<li>\n<p align=\"JUSTIFY\"><span style=\"font-size: 120%; color: #000000;\"><span style=\"font-family: Cambria, serif;\">17.00 \u2013<\/span><span style=\"font-family: Cambria, serif;\"><b> Finalizaci\u00f3n.<\/b><\/span><\/span><\/p>\n<\/li>\n<\/ul>\n<ul>\n<li>\n<p align=\"JUSTIFY\"><span style=\"font-size: 120%; color: #000000;\"><span style=\"font-family: Cambria, serif;\"><b>EXPOSITORES<\/b><\/span><span style=\"font-family: Cambria, serif;\">: Lic. Ignacio Sbizar; Dr. Mariano Ortiz<\/span><\/span><\/p>\n<\/li>\n<\/ul>\n<p align=\"JUSTIFY\"><span style=\"font-family: Cambria, serif; font-size: 120%; color: #000000;\"><b>Autoridad como sede antifriona: Poder Judicial de Santa Fe (CSJSF).<\/b><\/span><\/p>\n<p align=\"JUSTIFY\"><span style=\"font-family: Cambria, serif; font-size: 120%; color: #000000;\"><b>Co-organiza: Superintendencia de Riesgos del Trabajo (SRT).<\/b><\/span><\/p>\n<p align=\"JUSTIFY\"><span style=\"font-family: Cambria, serif; font-size: 120%; color: #000000;\"><b>Participan: Poder Judicial de Entre R\u00edos (STJER).<\/b><\/span><\/p>\n<p align=\"JUSTIFY\"><span style=\"font-family: Cambria, serif; font-size: 120%; color: #000000;\"><span lang=\"es-AR\">Santa Fe, 6 de octubre de 2025.<\/span><\/span><\/p>\n<p lang=\"es-AR\" align=\"JUSTIFY\"><span style=\"font-family: Cambria, serif; font-size: 120%; color: #000000;\">\u00a0<\/span><\/p>\n<div class=\"gsp_post_data\" data-post_type=\"comunicado_de_prensa\" data-cat=\"comunicados-de-prensa\" data-modified=\"120\" data-title=\"Jornadas de Actualizaci\u00f3n del Baremo Laboral  en la Corte Suprema de Santa Fe\" data-home=\"https:\/\/www.justiciasantafe.gov.ar\"><\/div>","protected":false},"excerpt":{"rendered":"<p>Ser\u00e1 este 7 y 8 de octubre en el sal\u00f3n de actos de la Corte en Santa Fe<\/p>\n","protected":false},"author":50,"featured_media":54996,"template":"","format":"standard","meta":{"_acf_changed":false,"footnotes":""},"categories":[22],"tags":[],"class_list":["post-54993","comunicado_de_prensa","type-comunicado_de_prensa","status-publish","format-standard","has-post-thumbnail","hentry","category-comunicados-de-prensa"],"acf":{"i2t_anio":2025,"i2t_id_historico":"","i2t_autor_historico":""},"_links":{"self":[{"href":"https:\/\/www.justiciasantafe.gov.ar\/index.php\/wp-json\/wp\/v2\/comunicado_de_prensa\/54993","targetHints":{"allow":["GET"]}}],"collection":[{"href":"https:\/\/www.justiciasantafe.gov.ar\/index.php\/wp-json\/wp\/v2\/comunicado_de_prensa"}],"about":[{"href":"https:\/\/www.justiciasantafe.gov.ar\/index.php\/wp-json\/wp\/v2\/types\/comunicado_de_prensa"}],"author":[{"embeddable":true,"href":"https:\/\/www.justiciasantafe.gov.ar\/index.php\/wp-json\/wp\/v2\/users\/50"}],"version-history":[{"count":0,"href":"https:\/\/www.justiciasantafe.gov.ar\/index.php\/wp-json\/wp\/v2\/comunicado_de_prensa\/54993\/revisions"}],"wp:featuredmedia":[{"embeddable":true,"href":"https:\/\/www.justiciasantafe.gov.ar\/index.php\/wp-json\/wp\/v2\/media\/54996"}],"wp:attachment":[{"href":"https:\/\/www.justiciasantafe.gov.ar\/index.php\/wp-json\/wp\/v2\/media?parent=54993"}],"wp:term":[{"taxonomy":"category","embeddable":true,"href":"https:\/\/www.justiciasantafe.gov.ar\/index.php\/wp-json\/wp\/v2\/categories?post=54993"},{"taxonomy":"post_tag","embeddable":true,"href":"https:\/\/www.justiciasantafe.gov.ar\/index.php\/wp-json\/wp\/v2\/tags?post=54993"}],"curies":[{"name":"wp","href":"https:\/\/api.w.org\/{rel}","templated":true}]}}