 {"id":55194,"date":"2025-10-07T13:34:23","date_gmt":"2025-10-07T16:34:23","guid":{"rendered":"https:\/\/www.justiciasantafe.gov.ar\/?post_type=comunicado_de_prensa&#038;p=55194"},"modified":"2025-10-27T12:52:21","modified_gmt":"2025-10-27T15:52:21","slug":"quedaron-inauguradas-las-jornadas-de-actualizacion-del-baremo-laboral","status":"publish","type":"comunicado_de_prensa","link":"https:\/\/www.justiciasantafe.gov.ar\/index.php\/comunicado_de_prensa\/quedaron-inauguradas-las-jornadas-de-actualizacion-del-baremo-laboral\/","title":{"rendered":"Quedaron inauguradas las Jornadas de  Actualizaci\u00f3n del Baremo Laboral"},"content":{"rendered":"<div class=\"pdfprnt-buttons pdfprnt-buttons-comunicado_de_prensa pdfprnt-top-right\"><a href=\"https:\/\/www.justiciasantafe.gov.ar\/index.php\/wp-json\/wp\/v2\/comunicado_de_prensa\/55194?print=pdf\" class=\"pdfprnt-button pdfprnt-button-pdf\" target=\"_blank\"><img decoding=\"async\" src=\"https:\/\/www.justiciasantafe.gov.ar\/wp-content\/plugins\/pdf-print-pro\/images\/pdf.png?357112440\" alt=\"image_pdf\" title=\"Ver PDF\" \/><\/a><a href=\"https:\/\/www.justiciasantafe.gov.ar\/index.php\/wp-json\/wp\/v2\/comunicado_de_prensa\/55194?print=print\" class=\"pdfprnt-button pdfprnt-button-print\" target=\"_blank\"><img decoding=\"async\" src=\"https:\/\/www.justiciasantafe.gov.ar\/wp-content\/plugins\/pdf-print-pro\/images\/print.png?1674575983\" alt=\"image_print\" title=\"Imprimir contenido\" \/><\/a><\/div><p lang=\"es-AR\" align=\"JUSTIFY\"><span style=\"font-family: Cambria, serif; font-size: 120%; color: #000000;\">La Corte Suprema de Justicia de Santa Fe es sede, los d\u00edas 7 y 8 de octubre, de las Jornadas de actualizaci\u00f3n de la Tabla de Evaluaci\u00f3n de Incapacidades Laborales (Baremo Laboral), oficializada recientemente por el Gobierno Nacional mediante el Decreto n.\u00b0 549\/2025.<\/span><\/p>\n<p lang=\"es-AR\" align=\"JUSTIFY\"><span style=\"font-family: Cambria, serif; font-size: 120%; color: #000000;\">El acto de apertura cont\u00f3 con la participaci\u00f3n de los ministros de la Corte Suprema, Eduardo Spuler, Rafael Guti\u00e9rrez y Rub\u00e9n Weder; y de Mariano Ortiz por la Superintendencia de Riesgos del Trabajo. <\/span><\/p>\n<p lang=\"es-AR\" align=\"JUSTIFY\"><span style=\"font-family: Cambria, serif; font-size: 120%; color: #000000;\"><i><u><b>Autoridades presentes<\/b><\/u><\/i><\/span><\/p>\n<p lang=\"es-AR\" align=\"JUSTIFY\"><span style=\"font-family: Cambria, serif; font-size: 120%; color: #000000;\">Se acercaron al sal\u00f3n de actos para presenciar la apertura formal de las jornadas, el Secretario de Justicia de la provincia, Santiago Mascheroni, el presidente del Colegio de Abogados de Santa Fe, Andr\u00e9s Abramovich, autoridades del Colegio de Magistrados y Funcionarios, representantes del Sindicato de Trabajadores judiciales, Jueces y Juezas del fuero laboral, autoridades de los Colegios profesionales con incumbencia en materia laboral y de riesgos del trabajo, p\u00fablico y asistentes. <\/span><\/p>\n<p lang=\"es-AR\" align=\"JUSTIFY\"><span style=\"font-family: Cambria, serif; font-size: 120%; color: #000000;\">Las Jornadas cuentan con la participaci\u00f3n de destacados especialistas de la Superintendencia de Riesgos del Trabajo (SRT) y referentes del \u00e1mbito de la medicina laboral, quienes abordar\u00e1n los principales cambios y desaf\u00edos en la evaluaci\u00f3n del da\u00f1o laboral. <\/span><\/p>\n<p align=\"JUSTIFY\"><span style=\"font-family: Cambria, serif; font-size: 120%; color: #000000;\">Seg\u00fan consignaron fuentes oficiales, la actualizaci\u00f3n del \u201cBaremo\u201d responde a la necesidad de modernizar los par\u00e1metros con los que cuenta el sistema de Riesgos del Trabajo para evaluar el da\u00f1o laboral, de manera m\u00e1s eficaz, incorporando los nuevos avances en diagn\u00f3stico, evaluaci\u00f3n cl\u00ednica y condiciones laborales. \u201cEsto se traducir\u00e1 en evaluaciones m\u00e1s objetivas, con mayor respaldo t\u00e9cnico y en l\u00ednea con est\u00e1ndares internacionales\u201d, aseguraron desde la SRT.<\/span><\/p>\n<p align=\"JUSTIFY\"><span style=\"font-size: 120%; color: #000000;\"><span style=\"font-family: Cambria, serif;\">El evento es transmitido por el <\/span><span style=\"font-family: Cambria, serif;\"><b>canal YouTube<\/b><\/span><span style=\"font-family: Cambria, serif;\"> del Poder Judicial de Santa Fe para todo el pa\u00eds.<\/span><\/span><\/p>\n<p align=\"JUSTIFY\"><span style=\"color: #000000;\"><span style=\"font-family: Cambria, serif; font-size: 120%;\">Acceso a la transmisi\u00f3n:<\/span><u><a style=\"color: #000000;\" href=\"https:\/\/www.youtube.com\/live\/V-BodbeLiBY?si=GfkcdmLC93TohjVr\"><span style=\"font-family: Cambria, serif;\"><span style=\"font-size: small;\"><span lang=\"es-AR\"><span style=\"font-size: 120%;\">https:\/\/www.youtube.com\/live\/V-BodbeLiBY?si=GfkcdmLC93TohjVr<\/span><\/span><\/span><\/span><\/a><\/u><\/span><\/p>\n<p align=\"JUSTIFY\"><a href=\"https:\/\/www.justiciasantafe.gov.ar\/wp-content\/uploads\/2025\/10\/Programa-MEDICOS-SANTA-FE-2.pdf\" target=\"\" rel=\"attachment wp-att-55195 noopener\">Programa MEDICOS SANTA FE (2)<\/a><\/p>\n<p align=\"JUSTIFY\"><a href=\"https:\/\/www.justiciasantafe.gov.ar\/wp-content\/uploads\/2025\/10\/Programa-ABOGADOS-SANTA-FE.pdf\" target=\"\" rel=\"attachment wp-att-55196 noopener\">Programa ABOGADOS SANTA FE<\/a><\/p>\n<p align=\"JUSTIFY\"><a href=\"https:\/\/www.justiciasantafe.gov.ar\/wp-content\/uploads\/2025\/10\/Programa-JUDICIALES-SANTA-FE.pdf\" target=\"\" rel=\"attachment wp-att-55197 noopener\">Programa JUDICIALES SANTA FE<\/a><\/p>\n<div class=\"gsp_post_data\" data-post_type=\"comunicado_de_prensa\" data-cat=\"comunicados-de-prensa\" data-modified=\"120\" data-title=\"Quedaron inauguradas las Jornadas de  Actualizaci\u00f3n del Baremo Laboral\" data-home=\"https:\/\/www.justiciasantafe.gov.ar\"><\/div>","protected":false},"excerpt":{"rendered":"<p>El acto de apertura cont\u00f3 con la participaci\u00f3n de los ministros de la Corte Suprema,(&#8230;) <\/p>\n","protected":false},"author":50,"featured_media":55215,"template":"","format":"standard","meta":{"_acf_changed":false,"footnotes":""},"categories":[22],"tags":[],"class_list":["post-55194","comunicado_de_prensa","type-comunicado_de_prensa","status-publish","format-standard","has-post-thumbnail","hentry","category-comunicados-de-prensa"],"acf":{"i2t_anio":2025,"i2t_id_historico":"","i2t_autor_historico":""},"_links":{"self":[{"href":"https:\/\/www.justiciasantafe.gov.ar\/index.php\/wp-json\/wp\/v2\/comunicado_de_prensa\/55194","targetHints":{"allow":["GET"]}}],"collection":[{"href":"https:\/\/www.justiciasantafe.gov.ar\/index.php\/wp-json\/wp\/v2\/comunicado_de_prensa"}],"about":[{"href":"https:\/\/www.justiciasantafe.gov.ar\/index.php\/wp-json\/wp\/v2\/types\/comunicado_de_prensa"}],"author":[{"embeddable":true,"href":"https:\/\/www.justiciasantafe.gov.ar\/index.php\/wp-json\/wp\/v2\/users\/50"}],"version-history":[{"count":0,"href":"https:\/\/www.justiciasantafe.gov.ar\/index.php\/wp-json\/wp\/v2\/comunicado_de_prensa\/55194\/revisions"}],"wp:featuredmedia":[{"embeddable":true,"href":"https:\/\/www.justiciasantafe.gov.ar\/index.php\/wp-json\/wp\/v2\/media\/55215"}],"wp:attachment":[{"href":"https:\/\/www.justiciasantafe.gov.ar\/index.php\/wp-json\/wp\/v2\/media?parent=55194"}],"wp:term":[{"taxonomy":"category","embeddable":true,"href":"https:\/\/www.justiciasantafe.gov.ar\/index.php\/wp-json\/wp\/v2\/categories?post=55194"},{"taxonomy":"post_tag","embeddable":true,"href":"https:\/\/www.justiciasantafe.gov.ar\/index.php\/wp-json\/wp\/v2\/tags?post=55194"}],"curies":[{"name":"wp","href":"https:\/\/api.w.org\/{rel}","templated":true}]}}