 {"id":55320,"date":"2025-10-09T12:59:48","date_gmt":"2025-10-09T15:59:48","guid":{"rendered":"https:\/\/www.justiciasantafe.gov.ar\/?post_type=comunicado_de_prensa&#038;p=55320"},"modified":"2025-10-17T13:36:11","modified_gmt":"2025-10-17T16:36:11","slug":"convocatoria-para-cargos-de-funcionarios","status":"publish","type":"comunicado_de_prensa","link":"https:\/\/www.justiciasantafe.gov.ar\/index.php\/comunicado_de_prensa\/convocatoria-para-cargos-de-funcionarios\/","title":{"rendered":"Convocatoria para cargos de funcionarios"},"content":{"rendered":"<div class=\"pdfprnt-buttons pdfprnt-buttons-comunicado_de_prensa pdfprnt-top-right\"><a href=\"https:\/\/www.justiciasantafe.gov.ar\/index.php\/wp-json\/wp\/v2\/comunicado_de_prensa\/55320?print=pdf\" class=\"pdfprnt-button pdfprnt-button-pdf\" target=\"_blank\"><img decoding=\"async\" src=\"https:\/\/www.justiciasantafe.gov.ar\/wp-content\/plugins\/pdf-print-pro\/images\/pdf.png?357112440\" alt=\"image_pdf\" title=\"Ver PDF\" \/><\/a><a href=\"https:\/\/www.justiciasantafe.gov.ar\/index.php\/wp-json\/wp\/v2\/comunicado_de_prensa\/55320?print=print\" class=\"pdfprnt-button pdfprnt-button-print\" target=\"_blank\"><img decoding=\"async\" src=\"https:\/\/www.justiciasantafe.gov.ar\/wp-content\/plugins\/pdf-print-pro\/images\/print.png?1674575983\" alt=\"image_print\" title=\"Imprimir contenido\" \/><\/a><\/div><p class=\"western\" lang=\"es-AR\" align=\"JUSTIFY\"><span style=\"color: #000000; font-size: 120%;\"><span style=\"font-family: Cambria, serif;\">La Corte Suprema de Justicia recuerda que desde el lunes 13 de octubre de 2025 se abrir\u00e1 la inscripci\u00f3n para la cobertura de los siguientes cargos:<\/span><\/span><\/p>\n<p class=\"western\" lang=\"es-AR\" align=\"JUSTIFY\"><span style=\"color: #000000; font-size: 120%;\"><span style=\"font-family: Cambria, serif;\">a)- M\u00e9dico Forense (Categor\u00eda Presupuestaria de Fiscal) para desempe\u00f1arse en los Tribunales de Rosario y para toda otra tarea que la Corte Suprema de Justicia les encomiende en la materia; con requisito de t\u00edtulos de M\u00e9dico Legista y de alguna de las siguientes especialidades: Cl\u00ednica M\u00e9dica, Cardiolog\u00eda, Diagn\u00f3stico por Im\u00e1genes, Reumatolog\u00eda, Neurolog\u00eda, Traumatolog\u00eda, Endocrinolog\u00eda, Infectolog\u00eda o Terapia Intensiva; <\/span><\/span><\/p>\n<p class=\"western\" lang=\"es-AR\" align=\"JUSTIFY\"><span style=\"color: #000000; font-size: 120%;\"><span style=\"font-family: Cambria, serif;\">b)- M\u00e9dico Forense (Categor\u00eda Presupuestaria de Fiscal) para desempe\u00f1arse en los Tribunales de Rosario y para toda otra tarea que la Corte Suprema de Justicia les encomiende en la materia; con requisito de t\u00edtulos de M\u00e9dico Legista y de especialidad en Psiquiatr\u00eda. <\/span><\/span><\/p>\n<p class=\"western\" lang=\"es-AR\" align=\"JUSTIFY\"><span style=\"color: #000000; font-size: 120%;\"><span style=\"font-family: Cambria, serif;\">c)- un cargo de Jefe de Oficina de Arquitectura (con categor\u00eda presupuestaria de Fiscal) para los Tribunales de Rosario y toda otra tarea que la Corte Suprema de Justicia le encomiende <\/span><\/span><\/p>\n<p class=\"western\" lang=\"es-AR\" align=\"JUSTIFY\"><span style=\"color: #000000; font-size: 120%;\"><span style=\"font-family: Cambria, serif;\">d)- cargos de Oficial de Justicia dependientes de la Oficina de Mandamientos y Notificaciones para los Tribunales de Rosario, y para toda otra tarea que le asigne la Corte Suprema de Justicia.<\/span><\/span><\/p>\n<p class=\"western\" lang=\"es-AR\" align=\"JUSTIFY\"><span style=\"color: #000000; font-size: 120%;\"><span style=\"font-family: Cambria, serif;\">e)-cargos que requieran exclusivamente t\u00edtulo de Arquitecto, Ingeniero Electricista, Ingeniero Civil o Ingeniero en Construcciones para desempe\u00f1arse en los Tribunales de Rosario y para toda otra tarea que le asigne la Corte Suprema de Justicia en la materia, con dedicaci\u00f3n horaria semanal m\u00ednima de 45 horas. El llamado proceder\u00e1 para la cobertura de los cargos vacantes actuales que no han sido llamados a concurso, y aquellas vacantes (con categor\u00edas presupuestarias y funciones -en cada caso correspondiente a la vacante de origen-) que se produzcan durante los llamados a concursos y el per\u00edodo que corresponda al cumplimiento de dos a\u00f1os a contar desde la fecha en que los resultados de los mismos resulten definitivos.<\/span><\/span><\/p>\n<p class=\"western\" lang=\"es-AR\" align=\"JUSTIFY\"><span style=\"color: #000000; font-size: 120%;\"><span style=\"font-family: Cambria, serif;\">El car\u00e1cter de todos los llamados es abierto, de antecedentes y en su caso oposici\u00f3n. <\/span><\/span><\/p>\n<p class=\"western\" lang=\"es-AR\" align=\"JUSTIFY\"><span style=\"color: #000000; font-size: 120%;\"><span style=\"font-family: Cambria, serif;\">El per\u00edodo de inscripci\u00f3n qued\u00f3 establecido del 13 al 24 de octubre del corriente a\u00f1o, ambas fechas inclusive, debiendo los interesados presentar las respectivas solicitudes ante la Secretar\u00eda Letrada de la Corte Suprema en Rosario.<\/span><\/span><\/p>\n<p class=\"western\" lang=\"es-AR\" align=\"JUSTIFY\"><span style=\"color: #000000; font-size: 120%;\"><span style=\"font-family: Cambria, serif;\">Para m\u00e1s informaci\u00f3n consultar en: www.justiciasantafe.gov.ar (Circulares 84-85; 78-79;76).<\/span><\/span><\/p>\n<p class=\"western\" lang=\"es-AR\" align=\"JUSTIFY\"><span style=\"color: #000000; font-size: 120%;\"><span style=\"font-family: Cambria, serif;\">Rosario, 9 de octubre de 2025<\/span><\/span><\/p>\n<p class=\"western\" lang=\"es-AR\" align=\"JUSTIFY\"><span style=\"color: #000000; font-size: 120%;\"><span style=\"font-family: Cambria, serif;\"><b>PRENSA \/ PODER JUDICIAL DE SANTA FE<\/b> <\/span><\/span><\/p>\n<div class=\"gsp_post_data\" data-post_type=\"comunicado_de_prensa\" data-cat=\"comunicados-de-prensa\" data-modified=\"120\" data-title=\"Convocatoria para cargos de funcionarios\" data-home=\"https:\/\/www.justiciasantafe.gov.ar\"><\/div>","protected":false},"excerpt":{"rendered":"<p>Las inscripciones se recibir\u00e1n del 13 al 24 de octubre de 2025<\/p>\n","protected":false},"author":50,"featured_media":55321,"template":"","format":"standard","meta":{"_acf_changed":false,"footnotes":""},"categories":[22],"tags":[],"class_list":["post-55320","comunicado_de_prensa","type-comunicado_de_prensa","status-publish","format-standard","has-post-thumbnail","hentry","category-comunicados-de-prensa"],"acf":{"i2t_anio":2025,"i2t_id_historico":"","i2t_autor_historico":""},"_links":{"self":[{"href":"https:\/\/www.justiciasantafe.gov.ar\/index.php\/wp-json\/wp\/v2\/comunicado_de_prensa\/55320","targetHints":{"allow":["GET"]}}],"collection":[{"href":"https:\/\/www.justiciasantafe.gov.ar\/index.php\/wp-json\/wp\/v2\/comunicado_de_prensa"}],"about":[{"href":"https:\/\/www.justiciasantafe.gov.ar\/index.php\/wp-json\/wp\/v2\/types\/comunicado_de_prensa"}],"author":[{"embeddable":true,"href":"https:\/\/www.justiciasantafe.gov.ar\/index.php\/wp-json\/wp\/v2\/users\/50"}],"version-history":[{"count":0,"href":"https:\/\/www.justiciasantafe.gov.ar\/index.php\/wp-json\/wp\/v2\/comunicado_de_prensa\/55320\/revisions"}],"wp:featuredmedia":[{"embeddable":true,"href":"https:\/\/www.justiciasantafe.gov.ar\/index.php\/wp-json\/wp\/v2\/media\/55321"}],"wp:attachment":[{"href":"https:\/\/www.justiciasantafe.gov.ar\/index.php\/wp-json\/wp\/v2\/media?parent=55320"}],"wp:term":[{"taxonomy":"category","embeddable":true,"href":"https:\/\/www.justiciasantafe.gov.ar\/index.php\/wp-json\/wp\/v2\/categories?post=55320"},{"taxonomy":"post_tag","embeddable":true,"href":"https:\/\/www.justiciasantafe.gov.ar\/index.php\/wp-json\/wp\/v2\/tags?post=55320"}],"curies":[{"name":"wp","href":"https:\/\/api.w.org\/{rel}","templated":true}]}}