 {"id":55764,"date":"2025-10-17T13:31:39","date_gmt":"2025-10-17T16:31:39","guid":{"rendered":"https:\/\/www.justiciasantafe.gov.ar\/?post_type=comunicado_de_prensa&#038;p=55764"},"modified":"2025-10-20T13:26:35","modified_gmt":"2025-10-20T16:26:35","slug":"concurso-de-un-cargo-de-tecnico-bioquimico-para-santa-fe","status":"publish","type":"comunicado_de_prensa","link":"https:\/\/www.justiciasantafe.gov.ar\/index.php\/comunicado_de_prensa\/concurso-de-un-cargo-de-tecnico-bioquimico-para-santa-fe\/","title":{"rendered":"Se concursa un cargo de T\u00e9cnico Bioqu\u00edmico para Santa Fe"},"content":{"rendered":"<div class=\"pdfprnt-buttons pdfprnt-buttons-comunicado_de_prensa pdfprnt-top-right\"><a href=\"https:\/\/www.justiciasantafe.gov.ar\/index.php\/wp-json\/wp\/v2\/comunicado_de_prensa\/55764?print=pdf\" class=\"pdfprnt-button pdfprnt-button-pdf\" target=\"_blank\"><img decoding=\"async\" src=\"https:\/\/www.justiciasantafe.gov.ar\/wp-content\/plugins\/pdf-print-pro\/images\/pdf.png?357112440\" alt=\"image_pdf\" title=\"Ver PDF\" \/><\/a><a href=\"https:\/\/www.justiciasantafe.gov.ar\/index.php\/wp-json\/wp\/v2\/comunicado_de_prensa\/55764?print=print\" class=\"pdfprnt-button pdfprnt-button-print\" target=\"_blank\"><img decoding=\"async\" src=\"https:\/\/www.justiciasantafe.gov.ar\/wp-content\/plugins\/pdf-print-pro\/images\/print.png?1674575983\" alt=\"image_print\" title=\"Imprimir contenido\" \/><\/a><\/div><p>La Corte Suprema de Justicia de Santa Fe llama a concurso de un cargo de T\u00e9cnico Bioqu\u00edmico para el Laboratorio de Toxicolog\u00eda Forense del Cuerpo M\u00e9dico Forense de los Tribunales de Santa Fe (categor\u00eda presupuestaria de Jefe de Departamento) con una dedicaci\u00f3n semanal m\u00ednima de 45 horas, y toda otra tarea que le asigne la Corte Suprema de Justicia.<\/p>\n<p>El car\u00e1cter de la convocatoria es abierta, de antecedentes y, en su caso, de oposici\u00f3n. El periodo de inscripci\u00f3n se extender\u00e1 del 20 al 31 de octubre del corriente a\u00f1o, ambas fechas inclusive, debiendo los interesados presentar las respectivas solicitudes en el formulario confeccionado al efecto ante la Secretar\u00eda de Gobierno de la Corte Suprema de Justicia en Santa Fe (San Jer\u00f3nimo 1551), mencionando y acompa\u00f1ando, en su caso, todos los antecedentes que estimen convenientes, los que deber\u00e1n ser retirados dentro del plazo de dos meses una vez resuelto el concurso.<\/p>\n<p>Requisitos, formulario de inscripci\u00f3n y m\u00e1s informaci\u00f3n en <a href=\"https:\/\/www.justiciasantafe.gov.ar\/index.php\/circulares\/llamado-a-concurso-para-cubrir-un-cargo-de-tecnico-bioquimico-para-desempenarse-en-el-laboratorio-de-toxicologia-forense-del-cuerpo-medico-forense-de-los-tribunales-de-santa-fe\/\" target=\"_blank\" rel=\"noopener\"><strong>www.justiciasantafe.gov.ar (circular N\u00b0 100\/2025)<\/strong><\/a><\/p>\n<p><strong>Santa Fe, 17 de octubre de 2025.<\/strong><br \/>\n<strong>PRENSA \/ PODER JUDICIAL DE SANTA FE<\/strong><\/p>\n<div class=\"gsp_post_data\" data-post_type=\"comunicado_de_prensa\" data-cat=\"comunicados-de-prensa\" data-modified=\"120\" data-title=\"Se concursa un cargo de T\u00e9cnico Bioqu\u00edmico para Santa Fe\" data-home=\"https:\/\/www.justiciasantafe.gov.ar\"><\/div>","protected":false},"excerpt":{"rendered":"<p>Las inscripciones se recibir\u00e1n desde el lunes 20 de octubre de 2025. <\/p>\n","protected":false},"author":50,"featured_media":43424,"template":"","format":"standard","meta":{"_acf_changed":false,"footnotes":""},"categories":[22],"tags":[],"class_list":["post-55764","comunicado_de_prensa","type-comunicado_de_prensa","status-publish","format-standard","has-post-thumbnail","hentry","category-comunicados-de-prensa"],"acf":{"i2t_anio":2025,"i2t_id_historico":"","i2t_autor_historico":""},"_links":{"self":[{"href":"https:\/\/www.justiciasantafe.gov.ar\/index.php\/wp-json\/wp\/v2\/comunicado_de_prensa\/55764","targetHints":{"allow":["GET"]}}],"collection":[{"href":"https:\/\/www.justiciasantafe.gov.ar\/index.php\/wp-json\/wp\/v2\/comunicado_de_prensa"}],"about":[{"href":"https:\/\/www.justiciasantafe.gov.ar\/index.php\/wp-json\/wp\/v2\/types\/comunicado_de_prensa"}],"author":[{"embeddable":true,"href":"https:\/\/www.justiciasantafe.gov.ar\/index.php\/wp-json\/wp\/v2\/users\/50"}],"version-history":[{"count":0,"href":"https:\/\/www.justiciasantafe.gov.ar\/index.php\/wp-json\/wp\/v2\/comunicado_de_prensa\/55764\/revisions"}],"wp:featuredmedia":[{"embeddable":true,"href":"https:\/\/www.justiciasantafe.gov.ar\/index.php\/wp-json\/wp\/v2\/media\/43424"}],"wp:attachment":[{"href":"https:\/\/www.justiciasantafe.gov.ar\/index.php\/wp-json\/wp\/v2\/media?parent=55764"}],"wp:term":[{"taxonomy":"category","embeddable":true,"href":"https:\/\/www.justiciasantafe.gov.ar\/index.php\/wp-json\/wp\/v2\/categories?post=55764"},{"taxonomy":"post_tag","embeddable":true,"href":"https:\/\/www.justiciasantafe.gov.ar\/index.php\/wp-json\/wp\/v2\/tags?post=55764"}],"curies":[{"name":"wp","href":"https:\/\/api.w.org\/{rel}","templated":true}]}}