 {"id":56121,"date":"2025-10-20T08:06:26","date_gmt":"2025-10-20T11:06:26","guid":{"rendered":"https:\/\/www.justiciasantafe.gov.ar\/?post_type=comunicado_de_prensa&#038;p=56121"},"modified":"2025-10-23T12:06:59","modified_gmt":"2025-10-23T15:06:59","slug":"aumento-en-de-la-unidad-jus-para-los-juzgados-comunitarios-de-las-pequenas-causas-2","status":"publish","type":"comunicado_de_prensa","link":"https:\/\/www.justiciasantafe.gov.ar\/index.php\/comunicado_de_prensa\/aumento-en-de-la-unidad-jus-para-los-juzgados-comunitarios-de-las-pequenas-causas-2\/","title":{"rendered":"Aumento en de la Unidad Jus para los Juzgados Comunitarios de las peque\u00f1as causas"},"content":{"rendered":"<div class=\"pdfprnt-buttons pdfprnt-buttons-comunicado_de_prensa pdfprnt-top-right\"><a href=\"https:\/\/www.justiciasantafe.gov.ar\/index.php\/wp-json\/wp\/v2\/comunicado_de_prensa\/56121?print=pdf\" class=\"pdfprnt-button pdfprnt-button-pdf\" target=\"_blank\"><img decoding=\"async\" src=\"https:\/\/www.justiciasantafe.gov.ar\/wp-content\/plugins\/pdf-print-pro\/images\/pdf.png?357112440\" alt=\"image_pdf\" title=\"Ver PDF\" \/><\/a><a href=\"https:\/\/www.justiciasantafe.gov.ar\/index.php\/wp-json\/wp\/v2\/comunicado_de_prensa\/56121?print=print\" class=\"pdfprnt-button pdfprnt-button-print\" target=\"_blank\"><img decoding=\"async\" src=\"https:\/\/www.justiciasantafe.gov.ar\/wp-content\/plugins\/pdf-print-pro\/images\/print.png?1674575983\" alt=\"image_print\" title=\"Imprimir contenido\" \/><\/a><\/div><h4 align=\"JUSTIFY\"><span style=\"font-family: Cambria, serif; font-size: 120%; color: #000000;\">La Oficina de Prensa del Poder Judicial de Santa Fe informa que en el Acuerdo Ordinario n.\u00b0 38, la Corte Suprema de Justicia de la Provincia, procedi\u00f3 a actualizar los valores de la unidad jus vigentes para los Juzgados Comunitarios de las Peque\u00f1as Causas. Dicha modificaci\u00f3n comenzar\u00e1 a regir desde el lunes 20 de octubre de 2025. <\/span><\/h4>\n<p><span style=\"font-family: Cambria, serif; font-size: 120%; color: #000000;\">Se transcribe el punto que as\u00ed lo establece<i>: 10)-10) AUMENTO UNIDAD JUS PARA LOS JUZGADOS COMUNITARIOS DE LAS PEQUE\u00d1AS CAUSAS DE LA PROVINCIA (EXPTE. CUIJ: 21-17614785-4). VISTOS: Los cambios econ\u00f3micos acaecidos en el pa\u00eds, los cuales resultan de p\u00fablico conocimiento; las necesidades del servicio judiciario; y, CONSIDERANDO: Que, en virtud de la acentuada modificaci\u00f3n de la realidad econ\u00f3mica y monetaria de nuestro pa\u00eds, se entiende pertinente efectuar una nueva revisi\u00f3n de los guarismos adoptados oportunamente para fijar el monto de la Unidad Jus referente a los Juzgados Comunitarios de las Peque\u00f1as Causas. As\u00ed las cosas, y teniendo en cuenta que la \u00faltima modificaci\u00f3n se realiz\u00f3 por Acuerdo de fecha 13.8.2024, Acta N\u00b0 30, Punto 12, resulta oportuno materializar un reajuste en la referida Unidad, a los fines de procurar una equilibrada divisi\u00f3n del trabajo en raz\u00f3n de la competencia cuantitativa que vincula a la Justicia Comunitaria con la de Circuito. Que, en raz\u00f3n de lo hasta aqu\u00ed expuesto, SE RESUELVE: Modificar a partir del 20.10.2025 los valores vigentes de la unidad jus para los Juzgados Comunitarios de las Peque\u00f1as Causas, de acuerdo al cuadro que se agrega a la presente y como parte integrante del acta\u201d.<\/i><\/span><\/p>\n<p><span style=\"font-family: Cambria, serif; font-size: 120%; color: #000000;\">Para mayor informaci\u00f3n consultar en: <a style=\"color: #000000;\" href=\"http:\/\/www.justiciasantafe.gov.ar\/\">www.justiciasantafe.gov.ar\u00a0<\/a><\/span><\/p>\n<p><span style=\"font-family: Cambria, serif; font-size: 120%; color: #000000;\">(Informaci\u00f3n General \/ Unidad Jus). <\/span><\/p>\n<p><span style=\"font-family: Cambria, serif; font-size: 120%; color: #000000;\">Santa Fe, 20 de octubre de 2025.<\/span><\/p>\n<p><span style=\"font-family: Cambria, serif; font-size: 120%; color: #000000;\"><b>PRENSA \/ PODER JUDICIAL DE SANTA FE<\/b><\/span><\/p>\n<div class=\"gsp_post_data\" data-post_type=\"comunicado_de_prensa\" data-cat=\"comunicados-de-prensa\" data-modified=\"120\" data-title=\"Aumento en de la Unidad Jus para los Juzgados Comunitarios de las peque\u00f1as causas\" data-home=\"https:\/\/www.justiciasantafe.gov.ar\"><\/div>","protected":false},"excerpt":{"rendered":"<p>Desde el lunes 20 de octubre de 2025 (&#8230;) <\/p>\n","protected":false},"author":50,"featured_media":56122,"template":"","format":"standard","meta":{"_acf_changed":false,"footnotes":""},"categories":[22],"tags":[],"class_list":["post-56121","comunicado_de_prensa","type-comunicado_de_prensa","status-publish","format-standard","has-post-thumbnail","hentry","category-comunicados-de-prensa"],"acf":{"i2t_anio":2025,"i2t_id_historico":"","i2t_autor_historico":""},"_links":{"self":[{"href":"https:\/\/www.justiciasantafe.gov.ar\/index.php\/wp-json\/wp\/v2\/comunicado_de_prensa\/56121","targetHints":{"allow":["GET"]}}],"collection":[{"href":"https:\/\/www.justiciasantafe.gov.ar\/index.php\/wp-json\/wp\/v2\/comunicado_de_prensa"}],"about":[{"href":"https:\/\/www.justiciasantafe.gov.ar\/index.php\/wp-json\/wp\/v2\/types\/comunicado_de_prensa"}],"author":[{"embeddable":true,"href":"https:\/\/www.justiciasantafe.gov.ar\/index.php\/wp-json\/wp\/v2\/users\/50"}],"version-history":[{"count":0,"href":"https:\/\/www.justiciasantafe.gov.ar\/index.php\/wp-json\/wp\/v2\/comunicado_de_prensa\/56121\/revisions"}],"wp:featuredmedia":[{"embeddable":true,"href":"https:\/\/www.justiciasantafe.gov.ar\/index.php\/wp-json\/wp\/v2\/media\/56122"}],"wp:attachment":[{"href":"https:\/\/www.justiciasantafe.gov.ar\/index.php\/wp-json\/wp\/v2\/media?parent=56121"}],"wp:term":[{"taxonomy":"category","embeddable":true,"href":"https:\/\/www.justiciasantafe.gov.ar\/index.php\/wp-json\/wp\/v2\/categories?post=56121"},{"taxonomy":"post_tag","embeddable":true,"href":"https:\/\/www.justiciasantafe.gov.ar\/index.php\/wp-json\/wp\/v2\/tags?post=56121"}],"curies":[{"name":"wp","href":"https:\/\/api.w.org\/{rel}","templated":true}]}}