 {"id":56203,"date":"2025-10-24T11:46:43","date_gmt":"2025-10-24T14:46:43","guid":{"rendered":"https:\/\/www.justiciasantafe.gov.ar\/?post_type=comunicado_de_prensa&#038;p=56203"},"modified":"2025-10-27T12:46:46","modified_gmt":"2025-10-27T15:46:46","slug":"se-concursan-distintos-cargos-de-funcionarios-3","status":"publish","type":"comunicado_de_prensa","link":"https:\/\/www.justiciasantafe.gov.ar\/index.php\/comunicado_de_prensa\/se-concursan-distintos-cargos-de-funcionarios-3\/","title":{"rendered":"Se concursan distintos cargos de funcionarios"},"content":{"rendered":"<div class=\"pdfprnt-buttons pdfprnt-buttons-comunicado_de_prensa pdfprnt-top-right\"><a href=\"https:\/\/www.justiciasantafe.gov.ar\/index.php\/wp-json\/wp\/v2\/comunicado_de_prensa\/56203?print=pdf\" class=\"pdfprnt-button pdfprnt-button-pdf\" target=\"_blank\"><img decoding=\"async\" src=\"https:\/\/www.justiciasantafe.gov.ar\/wp-content\/plugins\/pdf-print-pro\/images\/pdf.png?357112440\" alt=\"image_pdf\" title=\"Ver PDF\" \/><\/a><a href=\"https:\/\/www.justiciasantafe.gov.ar\/index.php\/wp-json\/wp\/v2\/comunicado_de_prensa\/56203?print=print\" class=\"pdfprnt-button pdfprnt-button-print\" target=\"_blank\"><img decoding=\"async\" src=\"https:\/\/www.justiciasantafe.gov.ar\/wp-content\/plugins\/pdf-print-pro\/images\/print.png?1674575983\" alt=\"image_print\" title=\"Imprimir contenido\" \/><\/a><\/div><p style=\"text-align: justify;\"><span style=\"color: #000000; font-size: 115%;\">La Oficina de Prensa del Poder Judicial de Santa Fe recuerda que desde <strong>el lunes 27 de octubre, <\/strong>abre la inscripci\u00f3n para la cobertura de los siguientes cargos:<\/span><\/p>\n<p style=\"text-align: justify;\"><span style=\"color: #000000; font-size: 115%;\">a) Un cargo de Oficial de Justicia para los Tribunales de Venado Tuerto y para toda otra tarea que le asigne la Corte Suprema de Justicia;<\/span><br \/>\n<span style=\"color: #000000; font-size: 115%;\">b) Un cargo de Oficial de Justicia para los Tribunales de Casilda y para toda otra tarea que le asigne la Corte Suprema de Justicia;<\/span><br \/>\n<span style=\"color: #000000; font-size: 115%;\">c) Un cargo de Oficial de Justicia para los Tribunales de San Lorenzo y para toda otra tarea que le asigne la Corte Suprema de Justicia;<\/span><br \/>\n<span style=\"color: #000000; font-size: 115%;\">d) Un cargo de Oficial de Justicia para los Tribunales de Villa Constituci\u00f3n y para toda otra tarea que le asigne la Corte Suprema de Justicia;<\/span><br \/>\n<span style=\"color: #000000; font-size: 115%;\">e) Un cargo de Oficial de Justicia para los Tribunales de Firmat y para toda otra tarea que le asigne la Corte Suprema de Justicia; y,<\/span><br \/>\n<span style=\"color: #000000; font-size: 115%;\">f) Un cargo de Oficial de Justicia para el Juzgado de Circuito N\u00b0 23 -Las Rosas- y para toda otra tarea que le asigne la Corte Suprema de Justicia.<\/span><\/p>\n<p style=\"text-align: justify;\"><span style=\"color: #000000; font-size: 115%;\">La convocatoria tiene car\u00e1cter <strong>abierta, de antecedentes y en su caso oposici\u00f3n.<\/strong> Asimismo, los concursos antes detallados proceder\u00e1n a la cobertura de los cargos vacantes actuales que no han sido llamados a concurso y aquellos cargos que se produzcan (en la sede correspondiente a la vacante de origen) durante el llamado a concurso y el per\u00edodo que corresponda al cumplimiento de doce meses a contar desde la fecha en que el resultado del mismo derive en definitivo.<\/span><\/p>\n<p style=\"text-align: justify;\"><span style=\"color: #000000; font-size: 115%;\">El per\u00edodo de inscripci\u00f3n qued\u00f3 establecido del<strong> 27 de octubre al 7 de noviembre del corriente a\u00f1o<\/strong>, ambas fechas inclusive, debiendo los interesados presentar las respectivas solicitudes ante la <strong>Secretar\u00eda Letrada de la Corte Suprema en Rosario<\/strong>.<\/span><\/p>\n<p style=\"text-align: justify;\"><span style=\"color: #000000; font-size: 115%;\">Los requisitos completos y el formulario de inscripci\u00f3n se encuentran disponibles en: <a style=\"color: #000000;\" href=\"https:\/\/www.justiciasantafe.gov.ar\/index.php\/circulares\/circular-nro-103-llamado-a-concurso-para-cubrir-cargos-de-oficiales-de-justicia-para-los-tribunales-de-venado-tuerto-casilda-san-lorenzo-villa-constitucion-firmat-y-el-juzgado-de-circuito-n\/\" target=\"_blank\" rel=\"noopener\">www.justiciasantafe.gov.ar<\/a> (circular N\u00b0 103)<\/span><\/p>\n<p style=\"text-align: justify;\"><span style=\"color: #000000; font-size: 115%;\">Asimismo, a partir del <strong>17 de noviembre<\/strong> podr\u00e1n inscribirse los interesados en postularse al concurso de:<\/span><\/p>\n<p style=\"text-align: justify;\"><span style=\"color: #000000; font-size: 115%;\">&#8211; <strong>Mayordomo de los Tribunales de Casilda<\/strong> (categor\u00eda presupuestaria de Auxiliar Principal T\u00e9cnico), y toda otra tarea que la Corte Suprema de Justicia le encomiende, con dedicaci\u00f3n semanal m\u00ednima de 40 horas.<\/span><\/p>\n<p style=\"text-align: justify;\"><span style=\"color: #000000; font-size: 115%;\">La convocatoria tiene car\u00e1cter<strong> abierta, de antecedentes y en su caso oposici\u00f3n<\/strong>.<\/span><\/p>\n<p style=\"text-align: justify;\"><span style=\"color: #000000; font-size: 115%;\">El per\u00edodo de inscripci\u00f3n al cargo de Mayordomo qued\u00f3 establecido del <strong>17 al 28 de noviembre del corriente a\u00f1o,<\/strong> ambas fechas inclusive, debiendo los interesados presentar las respectivas solicitudes ante la <strong>Secretar\u00eda Letrada de la Corte Suprema en Rosario.<\/strong><\/span><\/p>\n<p style=\"text-align: justify;\"><span style=\"color: #000000; font-size: 115%;\">Los requisitos completos y el formulario de inscripci\u00f3n se encuentran disponibles en: <a style=\"color: #000000;\" href=\"https:\/\/www.justiciasantafe.gov.ar\/index.php\/circulares\/circular-nro-101-llamado-a-concurso-para-cubrir-un-cargo-de-mayordomo-para-los-tribunales-de-casilda\/\" target=\"_blank\" rel=\"noopener\">www.justiciasantafe.gov.ar<\/a> (circular N\u00b0 101)<\/span><\/p>\n<p style=\"text-align: justify;\"><span style=\"color: #000000; font-size: 115%;\">Santa Fe, 24 de octubre de 2025.<\/span><\/p>\n<div class=\"gsp_post_data\" data-post_type=\"comunicado_de_prensa\" data-cat=\"comunicados-de-prensa\" data-modified=\"120\" data-title=\"Se concursan distintos cargos de funcionarios\" data-home=\"https:\/\/www.justiciasantafe.gov.ar\"><\/div>","protected":false},"excerpt":{"rendered":"<p>Todos para la zona sur de la provincia. <\/p>\n","protected":false},"author":50,"featured_media":56211,"template":"","format":"standard","meta":{"_acf_changed":false,"footnotes":""},"categories":[22],"tags":[],"class_list":["post-56203","comunicado_de_prensa","type-comunicado_de_prensa","status-publish","format-standard","has-post-thumbnail","hentry","category-comunicados-de-prensa"],"acf":{"i2t_anio":2025,"i2t_id_historico":"","i2t_autor_historico":""},"_links":{"self":[{"href":"https:\/\/www.justiciasantafe.gov.ar\/index.php\/wp-json\/wp\/v2\/comunicado_de_prensa\/56203","targetHints":{"allow":["GET"]}}],"collection":[{"href":"https:\/\/www.justiciasantafe.gov.ar\/index.php\/wp-json\/wp\/v2\/comunicado_de_prensa"}],"about":[{"href":"https:\/\/www.justiciasantafe.gov.ar\/index.php\/wp-json\/wp\/v2\/types\/comunicado_de_prensa"}],"author":[{"embeddable":true,"href":"https:\/\/www.justiciasantafe.gov.ar\/index.php\/wp-json\/wp\/v2\/users\/50"}],"version-history":[{"count":0,"href":"https:\/\/www.justiciasantafe.gov.ar\/index.php\/wp-json\/wp\/v2\/comunicado_de_prensa\/56203\/revisions"}],"wp:featuredmedia":[{"embeddable":true,"href":"https:\/\/www.justiciasantafe.gov.ar\/index.php\/wp-json\/wp\/v2\/media\/56211"}],"wp:attachment":[{"href":"https:\/\/www.justiciasantafe.gov.ar\/index.php\/wp-json\/wp\/v2\/media?parent=56203"}],"wp:term":[{"taxonomy":"category","embeddable":true,"href":"https:\/\/www.justiciasantafe.gov.ar\/index.php\/wp-json\/wp\/v2\/categories?post=56203"},{"taxonomy":"post_tag","embeddable":true,"href":"https:\/\/www.justiciasantafe.gov.ar\/index.php\/wp-json\/wp\/v2\/tags?post=56203"}],"curies":[{"name":"wp","href":"https:\/\/api.w.org\/{rel}","templated":true}]}}