 {"id":56549,"date":"2025-10-31T12:48:48","date_gmt":"2025-10-31T15:48:48","guid":{"rendered":"https:\/\/www.justiciasantafe.gov.ar\/?post_type=comunicado_de_prensa&#038;p=56549"},"modified":"2025-11-04T12:57:56","modified_gmt":"2025-11-04T15:57:56","slug":"la-corte-suprema-de-justicia-tomara-juramento-a-jueces-y-juezas-designados-recientemente","status":"publish","type":"comunicado_de_prensa","link":"https:\/\/www.justiciasantafe.gov.ar\/index.php\/comunicado_de_prensa\/la-corte-suprema-de-justicia-tomara-juramento-a-jueces-y-juezas-designados-recientemente\/","title":{"rendered":"La Corte Suprema tomar\u00e1 juramento  a jueces y juezas designados recientemente"},"content":{"rendered":"<div class=\"pdfprnt-buttons pdfprnt-buttons-comunicado_de_prensa pdfprnt-top-right\"><a href=\"https:\/\/www.justiciasantafe.gov.ar\/index.php\/wp-json\/wp\/v2\/comunicado_de_prensa\/56549?print=pdf\" class=\"pdfprnt-button pdfprnt-button-pdf\" target=\"_blank\"><img decoding=\"async\" src=\"https:\/\/www.justiciasantafe.gov.ar\/wp-content\/plugins\/pdf-print-pro\/images\/pdf.png?357112440\" alt=\"image_pdf\" title=\"Ver PDF\" \/><\/a><a href=\"https:\/\/www.justiciasantafe.gov.ar\/index.php\/wp-json\/wp\/v2\/comunicado_de_prensa\/56549?print=print\" class=\"pdfprnt-button pdfprnt-button-print\" target=\"_blank\"><img decoding=\"async\" src=\"https:\/\/www.justiciasantafe.gov.ar\/wp-content\/plugins\/pdf-print-pro\/images\/print.png?1674575983\" alt=\"image_print\" title=\"Imprimir contenido\" \/><\/a><\/div><p lang=\"es-AR\" align=\"JUSTIFY\"><span style=\"color: #000000;\"><span style=\"font-family: Cambria, serif;\"><span style=\"font-size: medium;\">El pr\u00f3ximo <b>martes 4 de noviembre, a las 11<\/b>, la Corte Suprema de Justicia integrada por su presidente, Roberto Falistocco, y los ministros Eduardo Spuler, Rafael Guti\u00e9rrez, Daniel Erbetta, Jorge Baclini, Rub\u00e9n Weder y la ministra Margarita Zabalza, tomar\u00e1n juramento a nuevos jueces y juezas para el Poder Judicial de Santa Fe. <\/span><\/span><\/span><\/p>\n<p lang=\"es-AR\" align=\"JUSTIFY\"><span style=\"color: #000000;\"><span style=\"font-family: Cambria, serif;\"><span style=\"font-size: medium;\">Listado completo: <\/span><\/span><\/span><\/p>\n<ul>\n<li>\n<p lang=\"es-AR\" align=\"JUSTIFY\"><span style=\"color: #000000;\"><span style=\"font-family: Cambria, serif;\"><span style=\"font-size: medium;\">Jueces de Primera Instancia de Distrito en lo Civil y Comercial: Dres. GUILLERMO A. VALES; FRANCISCO J. DEPETRIS; RODRIGO C. URETA CORTES; VIVIANA E. NAVEDA MARC\u00d3; y, como Juez de Primera Instancia de Distrito en lo Laboral. IGNACIO E. PANDULLO, todos para los Tribunales con asiento en la ciudad de Santa Fe- Circunscripci\u00f3n Judicial N\u00b0 1; <\/span><\/span><\/span><\/p>\n<\/li>\n<li>\n<p lang=\"es-AR\" align=\"JUSTIFY\"><span style=\"color: #000000;\"><span style=\"font-family: Cambria, serif;\"><span style=\"font-size: medium;\">Juez de Primera Instancia de Distrito en lo Civil y Comercial, FRANCO RASCHETTI, como Juez de Primera Instancia de Distrito de Familia (subrogante); HERN\u00c1N A. JULI\u00c1N y como Jueza de Primera Instancia de Distrito en lo Laboral, MAR\u00cdA DEL MAR DELLA ROSA, todos para los Tribunales con asiento en la ciudad de Reconquista- Circunscripci\u00f3n Judicial N\u00b0 4; <\/span><\/span><\/span><\/p>\n<\/li>\n<li>\n<p lang=\"es-AR\" align=\"JUSTIFY\"><span style=\"color: #000000;\"><span style=\"font-family: Cambria, serif;\"><span style=\"font-size: medium;\">Jueces de Primera Instancia de Distrito en lo Civil y Comercial, MAURO D. GARC\u00cdA y MARCELO G. GELCICH, ambos para los Tribunales con asiento en la ciudad de Rafaela- Circunscripci\u00f3n Judicial N\u00b0 5; <\/span><\/span><\/span><\/p>\n<\/li>\n<li>\n<p lang=\"es-AR\" align=\"JUSTIFY\"><span style=\"color: #000000;\"><span style=\"font-family: Cambria, serif;\"><span style=\"font-size: medium;\">Juez de Primera Instancia de Distrito en lo Civil, Comercial y Laboral, JULIO F. MIGNO para los Tribunales con asiento en la ciudad de San Javier- Circunscripci\u00f3n Judicial N\u00b0 1; <\/span><\/span><\/span><\/p>\n<\/li>\n<li>\n<p lang=\"es-AR\" align=\"JUSTIFY\"><span style=\"color: #000000;\"><span style=\"font-family: Cambria, serif;\"><span style=\"font-size: medium;\">Juez de Primera Instancia de Distrito en lo Civil, Comercial y Laboral , ALEXIS M. MAREGA y como Jueza de Primera Instancia de Distrito de Familia, MAR\u00cdA SOLEDAD AGUIRRE QUINTANA, ambos para los Tribunales con asiento en la ciudad de San Crist\u00f3bal- Circunscripci\u00f3n Judicial N\u00b0 5; <\/span><\/span><\/span><\/p>\n<\/li>\n<li>\n<p lang=\"es-AR\" align=\"JUSTIFY\"><span style=\"color: #000000;\"><span style=\"font-family: Cambria, serif;\"><span style=\"font-size: medium;\">Juez de Primera Instancia de Distrito en lo Civil, Comercial y Laboral, FEDERICO A. ACU\u00d1A y como Juez de Primera Instancia de Distrito de Menores, JOS\u00c9 A. BOAGLIO, ambos para los Tribunales con asiento en la ciudad de Tostado- Circunscripci\u00f3n Judicial N\u00b0 5.<\/span><\/span><\/span><\/p>\n<\/li>\n<\/ul>\n<p lang=\"es-AR\" align=\"JUSTIFY\"><span style=\"color: #000000;\"><span style=\"font-family: Cambria, serif;\"><span style=\"font-size: medium;\">La ceremonia de juramento se llevar\u00e1 a cabo en el Sal\u00f3n de Actos de la Corte Suprema en Santa Fe y ser\u00e1 transmitida en vivo por a trav\u00e9s del <b>canal Youtube del Poder Judicial de Santa Fe. <\/b><\/span><\/span><\/span><\/p>\n<p align=\"JUSTIFY\"><span style=\"color: #000000;\"><span style=\"font-family: Cambria, serif;\"><span style=\"font-size: medium;\"><span lang=\"es-AR\">Enlace al canal: <\/span><\/span><\/span><\/span><a href=\"http:\/\/www.youtube.com\/@canalyoutubeCSJSFE\">http:\/\/www.youtube.com\/@canalyoutubeCSJSFE<\/a><\/p>\n<p lang=\"es-AR\" align=\"JUSTIFY\"><span style=\"color: #000000;\"><span style=\"font-family: Cambria, serif;\"><span style=\"font-size: medium;\">Santa Fe, 31 de octubre de 2025.<\/span><\/span><\/span><\/p>\n<p lang=\"es-AR\" align=\"JUSTIFY\"><span style=\"color: #000000;\"><span style=\"font-family: Cambria, serif;\"><span style=\"font-size: medium;\"><b>PRENSA \/ PODER JUDICIAL DE SANTA FE<\/b><\/span><\/span><\/span><\/p>\n<div class=\"gsp_post_data\" data-post_type=\"comunicado_de_prensa\" data-cat=\"comunicados-de-prensa\" data-modified=\"120\" data-title=\"La Corte Suprema tomar\u00e1 juramento  a jueces y juezas designados recientemente\" data-home=\"https:\/\/www.justiciasantafe.gov.ar\"><\/div>","protected":false},"excerpt":{"rendered":"<p>El pr\u00f3ximo martes 4 de noviembre, a las 11 (&#8230;) <\/p>\n","protected":false},"author":50,"featured_media":56550,"template":"","format":"standard","meta":{"_acf_changed":false,"footnotes":""},"categories":[22],"tags":[],"class_list":["post-56549","comunicado_de_prensa","type-comunicado_de_prensa","status-publish","format-standard","has-post-thumbnail","hentry","category-comunicados-de-prensa"],"acf":{"i2t_anio":2025,"i2t_id_historico":"","i2t_autor_historico":""},"_links":{"self":[{"href":"https:\/\/www.justiciasantafe.gov.ar\/index.php\/wp-json\/wp\/v2\/comunicado_de_prensa\/56549","targetHints":{"allow":["GET"]}}],"collection":[{"href":"https:\/\/www.justiciasantafe.gov.ar\/index.php\/wp-json\/wp\/v2\/comunicado_de_prensa"}],"about":[{"href":"https:\/\/www.justiciasantafe.gov.ar\/index.php\/wp-json\/wp\/v2\/types\/comunicado_de_prensa"}],"author":[{"embeddable":true,"href":"https:\/\/www.justiciasantafe.gov.ar\/index.php\/wp-json\/wp\/v2\/users\/50"}],"version-history":[{"count":0,"href":"https:\/\/www.justiciasantafe.gov.ar\/index.php\/wp-json\/wp\/v2\/comunicado_de_prensa\/56549\/revisions"}],"wp:featuredmedia":[{"embeddable":true,"href":"https:\/\/www.justiciasantafe.gov.ar\/index.php\/wp-json\/wp\/v2\/media\/56550"}],"wp:attachment":[{"href":"https:\/\/www.justiciasantafe.gov.ar\/index.php\/wp-json\/wp\/v2\/media?parent=56549"}],"wp:term":[{"taxonomy":"category","embeddable":true,"href":"https:\/\/www.justiciasantafe.gov.ar\/index.php\/wp-json\/wp\/v2\/categories?post=56549"},{"taxonomy":"post_tag","embeddable":true,"href":"https:\/\/www.justiciasantafe.gov.ar\/index.php\/wp-json\/wp\/v2\/tags?post=56549"}],"curies":[{"name":"wp","href":"https:\/\/api.w.org\/{rel}","templated":true}]}}