 {"id":56554,"date":"2025-10-31T16:48:19","date_gmt":"2025-10-31T19:48:19","guid":{"rendered":"https:\/\/www.justiciasantafe.gov.ar\/?post_type=comunicado_de_prensa&#038;p=56554"},"modified":"2025-10-31T16:48:19","modified_gmt":"2025-10-31T19:48:19","slug":"cronograma-de-transformacion-de-unidades-jurisdiccionales","status":"publish","type":"comunicado_de_prensa","link":"https:\/\/www.justiciasantafe.gov.ar\/index.php\/comunicado_de_prensa\/cronograma-de-transformacion-de-unidades-jurisdiccionales\/","title":{"rendered":"Cronograma de  Transformaci\u00f3n de Unidades Jurisdiccionales"},"content":{"rendered":"<div class=\"pdfprnt-buttons pdfprnt-buttons-comunicado_de_prensa pdfprnt-top-right\"><a href=\"https:\/\/www.justiciasantafe.gov.ar\/index.php\/wp-json\/wp\/v2\/comunicado_de_prensa\/56554?print=pdf\" class=\"pdfprnt-button pdfprnt-button-pdf\" target=\"_blank\"><img decoding=\"async\" src=\"https:\/\/www.justiciasantafe.gov.ar\/wp-content\/plugins\/pdf-print-pro\/images\/pdf.png?357112440\" alt=\"image_pdf\" title=\"Ver PDF\" \/><\/a><a href=\"https:\/\/www.justiciasantafe.gov.ar\/index.php\/wp-json\/wp\/v2\/comunicado_de_prensa\/56554?print=print\" class=\"pdfprnt-button pdfprnt-button-print\" target=\"_blank\"><img decoding=\"async\" src=\"https:\/\/www.justiciasantafe.gov.ar\/wp-content\/plugins\/pdf-print-pro\/images\/print.png?1674575983\" alt=\"image_print\" title=\"Imprimir contenido\" \/><\/a><\/div><p align=\"CENTER\"><span style=\"font-family: Cambria, serif; font-size: 120%; color: #000000;\"><b>LA CORTE SUPREMA CONTINUA CON EL CRONOGRAMA DE <\/b><\/span><\/p>\n<p align=\"CENTER\"><span style=\"font-family: Cambria, serif; font-size: 120%; color: #000000;\"><b>TRANSFORMACI\u00d3N DE UNIDADES JURISDICCIONALES <\/b><\/span><\/p>\n<p align=\"JUSTIFY\"><span style=\"font-family: Cambria, serif; font-size: 120%; color: #000000;\"><i><b>Desde el pr\u00f3ximo lunes 3 de noviembre y hasta el 15 de diciembre se llevar\u00e1 a cabo la transformaci\u00f3n de distintos juzgados de Circuito en Distrito. Dicha implementaci\u00f3n escalonada, involucra a las sedes de Santa Fe, Rosario, Ca\u00f1ada de G\u00f3mez, Casilda, Vera, Villa Ocampo, San Crist\u00f3bal, Ceres, El Tr\u00e9bol, Esperanza y San Justo. <\/b><\/i><\/span><\/p>\n<p align=\"JUSTIFY\"><span style=\"font-family: Cambria, serif; font-size: 120%; color: #000000;\">Continuando con el cronograma de implementaci\u00f3n dispuesto por la Corte Suprema en orden a dar cumplimiento a lo dispuesto por el legislador mediante la sanci\u00f3n de la Ley n.\u00b0 14.264 (modif. por Ley n.\u00b0 14.323) el pr\u00f3ximo<b> lunes 3 de noviembre<\/b> se producir\u00e1 la transformaci\u00f3n de los Juzgados de Primera Instancia de Ejecuci\u00f3n de Circuito de <b>Santa Fe y Rosario<\/b>, los que pasar\u00e1n a ser <strong>Juzgados de Primera Instancia de Ejecuci\u00f3n de Distrito<\/strong>. <\/span><\/p>\n<p align=\"JUSTIFY\"><span style=\"font-family: Cambria, serif; font-size: 120%; color: #000000;\">Por su parte, a partir del <b>24 de noviembre de 2025,<\/b> el Juzgado de Primera Instancia de Circuito de <b>Ca\u00f1ada de G\u00f3mez<\/b>, pasar\u00e1 a transformarse en el Juzgado de Primera Instancia de Distrito en lo Civil, Comercial y Laboral de la Tercera Nominaci\u00f3n de Ca\u00f1ada de G\u00f3mez; el Juzgado de Primera Instancia de Circuito de <b>Casilda<\/b>, pasar\u00e1 a transformarse en el Juzgado de Primera Instancia de Distrito en lo Civil, Comercial y Laboral de la Tercera Nominaci\u00f3n de Casilda; el Juzgado de Primera Instancia de Circuito de <b>Vera<\/b>, se transformar\u00e1 en el Juzgado de Primera Instancia de Distrito en lo Civil, Comercial y Laboral de la Tercera Nominaci\u00f3n de Vera; y el Juzgado de Primera Instancia de Circuito de <b>Villa Ocampo <\/b>se transformar\u00e1 en el Juzgado de Primera Instancia de Distrito en lo Civil, Comercial y Laboral de la Segunda Nominaci\u00f3n de Villa Ocampo.<\/span><\/p>\n<p align=\"JUSTIFY\"><span style=\"font-family: Cambria, serif; font-size: 120%; color: #000000;\">Finalmente, a partir del <b>15 de diciembre de 2025<\/b>, el Juzgado de Primera Instancia de Circuito de <b>San Crist\u00f3bal<\/b>, se transformar\u00e1 en el Juzgado de Primera Instancia de Distrito en lo Civil, Comercial y Laboral de la Segunda Nominaci\u00f3n de San Crist\u00f3bal; el Juzgado de Primera Instancia de Circuito de <b>Ceres<\/b>, se transformar\u00e1 en el Juzgado de Primera Instancia de Distrito en lo Civil, Comercial y Laboral de la Segunda Nominaci\u00f3n de Ceres; el Juzgado de Primera Instancia de Circuito de <b>El Tr\u00e9bol<\/b>, se transformar\u00e1 en el Juzgado de Primera Instancia de Distrito en lo Civil, Comercial y Laboral de El Tr\u00e9bol; el Juzgado de Primera Instancia de Circuito de <b>Esperanza<\/b>, se transformar\u00e1 en el Juzgado de Primera Instancia de Distrito en lo Civil, Comercial y Laboral de la Segunda Nominaci\u00f3n de Esperanza; y el Juzgado de Primera Instancia de Circuito de <b>San Justo<\/b>, se transformar\u00e1 en el Juzgado de Primera Instancia de Distrito en lo Civil, Comercial y Laboral de la Segunda Nominaci\u00f3n de San Justo. <\/span><\/p>\n<p align=\"JUSTIFY\"><span style=\"font-family: Cambria, serif; font-size: 120%; color: #000000;\"><i><u><b>Continuidad en la tramitaci\u00f3n de causas<\/b><\/u><\/i><\/span><\/p>\n<p align=\"JUSTIFY\"><span style=\"font-family: Cambria, serif; font-size: 120%; color: #000000;\">Por su parte, la Corte Suprema dej\u00f3 sentado que \u201cen la continuidad de las tareas de reorganizaci\u00f3n pertinentes, ha de se\u00f1alarse que los nuevos Juzgados de Distrito aqu\u00ed referenciados, <i><b>continuar\u00e1n tramitando las causas que tienen bajo su jurisdicci\u00f3n en ocasi\u00f3n de desempe\u00f1arse como Juzgados de Circuito, y hasta su finalizaci\u00f3n.<\/b><\/i> Ello as\u00ed, en atenci\u00f3n a elementales criterios de eficiencia y practicidad evaluados a la hora de reconducir las estructuras de las nuevas unidades judiciales\u201d. <\/span><\/p>\n<p align=\"JUSTIFY\"><span style=\"font-family: Cambria, serif; font-size: 120%; color: #000000;\">Dicha decisi\u00f3n, encuentra a su vez sustento en el esp\u00edritu de la propia norma legal que dispuso la transformaci\u00f3n org\u00e1nica, enfatiz\u00f3 el alto cuerpo en su acordada. \u201cPor lo dem\u00e1s, teniendo en cuenta que el nuevo redise\u00f1o aqu\u00ed considerado acarrea en su implementaci\u00f3n, el ajuste y reperfilamiento de variados esquemas organizacionales que hacen al normal desempe\u00f1o de la estructura funcional de este Poder Judicial -vrg. R\u00e9gimen de reemplazos de las nuevas unidades jurisdiccionales, r\u00e9gimen de reparto de los nuevos expedientes que ingresen en las mismas desde las fechas de su transformaci\u00f3n-, se entiende prudente escalonar su implemetaci\u00f3n para la concreci\u00f3n de las tareas inherentes para la materializaci\u00f3n de las mismas, con la antelaci\u00f3n necesaria para el concreto desenvolvimiento del cronograma decidido. <\/span><\/p>\n<p align=\"JUSTIFY\"><span style=\"font-family: Cambria, serif; font-size: 120%; color: #000000;\">Se adjunta el punto de acuerdo que as\u00ed lo dispone: \u00a0<\/span><a href=\"https:\/\/intranet1.justiciasantafe.gov.ar:10443\/proxy\/33076dfa\/https\/www.justiciasantafe.gov.ar\/wp-content\/uploads\/2025\/10\/CSJSF.-ACTA-39-pto.-9.pdf\" target=\"\" rel=\"noopener\">CSJSF. ACTA 39 pto. 9<\/a><\/p>\n<p align=\"JUSTIFY\"><span style=\"font-family: Cambria, serif; font-size: 120%; color: #000000;\">Santa Fe, 31 de octubre de 2025.<\/span><\/p>\n<p align=\"JUSTIFY\"><span style=\"font-family: Cambria, serif; font-size: 120%; color: #000000;\"><b>PRENSA \/ PODER JUDICIAL DE SANTA FE<\/b><\/span><\/p>\n<div class=\"gsp_post_data\" data-post_type=\"comunicado_de_prensa\" data-cat=\"comunicados-de-prensa\" data-modified=\"120\" data-title=\"Cronograma de  Transformaci\u00f3n de Unidades Jurisdiccionales\" data-home=\"https:\/\/www.justiciasantafe.gov.ar\"><\/div>","protected":false},"excerpt":{"rendered":"<p>Desde el pr\u00f3ximo lunes 3 de noviembre y hasta el 15 de diciembre<\/p>\n","protected":false},"author":50,"featured_media":27908,"template":"","format":"standard","meta":{"_acf_changed":false,"footnotes":""},"categories":[22],"tags":[3128,4108],"class_list":["post-56554","comunicado_de_prensa","type-comunicado_de_prensa","status-publish","format-standard","has-post-thumbnail","hentry","category-comunicados-de-prensa","tag-bannerhome","tag-novedades"],"acf":{"i2t_anio":2025,"i2t_id_historico":"","i2t_autor_historico":""},"_links":{"self":[{"href":"https:\/\/www.justiciasantafe.gov.ar\/index.php\/wp-json\/wp\/v2\/comunicado_de_prensa\/56554","targetHints":{"allow":["GET"]}}],"collection":[{"href":"https:\/\/www.justiciasantafe.gov.ar\/index.php\/wp-json\/wp\/v2\/comunicado_de_prensa"}],"about":[{"href":"https:\/\/www.justiciasantafe.gov.ar\/index.php\/wp-json\/wp\/v2\/types\/comunicado_de_prensa"}],"author":[{"embeddable":true,"href":"https:\/\/www.justiciasantafe.gov.ar\/index.php\/wp-json\/wp\/v2\/users\/50"}],"version-history":[{"count":0,"href":"https:\/\/www.justiciasantafe.gov.ar\/index.php\/wp-json\/wp\/v2\/comunicado_de_prensa\/56554\/revisions"}],"wp:featuredmedia":[{"embeddable":true,"href":"https:\/\/www.justiciasantafe.gov.ar\/index.php\/wp-json\/wp\/v2\/media\/27908"}],"wp:attachment":[{"href":"https:\/\/www.justiciasantafe.gov.ar\/index.php\/wp-json\/wp\/v2\/media?parent=56554"}],"wp:term":[{"taxonomy":"category","embeddable":true,"href":"https:\/\/www.justiciasantafe.gov.ar\/index.php\/wp-json\/wp\/v2\/categories?post=56554"},{"taxonomy":"post_tag","embeddable":true,"href":"https:\/\/www.justiciasantafe.gov.ar\/index.php\/wp-json\/wp\/v2\/tags?post=56554"}],"curies":[{"name":"wp","href":"https:\/\/api.w.org\/{rel}","templated":true}]}}