 {"id":56640,"date":"2025-11-04T12:57:27","date_gmt":"2025-11-04T15:57:27","guid":{"rendered":"https:\/\/www.justiciasantafe.gov.ar\/?post_type=comunicado_de_prensa&#038;p=56640"},"modified":"2025-11-04T12:57:27","modified_gmt":"2025-11-04T15:57:27","slug":"juran-en-rosario-jueces-y-juezas-designados-recientemente","status":"publish","type":"comunicado_de_prensa","link":"https:\/\/www.justiciasantafe.gov.ar\/index.php\/comunicado_de_prensa\/juran-en-rosario-jueces-y-juezas-designados-recientemente\/","title":{"rendered":"Juran en Rosario jueces y juezas designados recientemente"},"content":{"rendered":"<div class=\"pdfprnt-buttons pdfprnt-buttons-comunicado_de_prensa pdfprnt-top-right\"><a href=\"https:\/\/www.justiciasantafe.gov.ar\/index.php\/wp-json\/wp\/v2\/comunicado_de_prensa\/56640?print=pdf\" class=\"pdfprnt-button pdfprnt-button-pdf\" target=\"_blank\"><img decoding=\"async\" src=\"https:\/\/www.justiciasantafe.gov.ar\/wp-content\/plugins\/pdf-print-pro\/images\/pdf.png?357112440\" alt=\"image_pdf\" title=\"Ver PDF\" \/><\/a><a href=\"https:\/\/www.justiciasantafe.gov.ar\/index.php\/wp-json\/wp\/v2\/comunicado_de_prensa\/56640?print=print\" class=\"pdfprnt-button pdfprnt-button-print\" target=\"_blank\"><img decoding=\"async\" src=\"https:\/\/www.justiciasantafe.gov.ar\/wp-content\/plugins\/pdf-print-pro\/images\/print.png?1674575983\" alt=\"image_print\" title=\"Imprimir contenido\" \/><\/a><\/div><p lang=\"es-AR\" style=\"text-align: justify;\" align=\"JUSTIFY\"><span style=\"font-family: Cambria, serif; color: #000000;\"><span style=\"font-size: large;\">Ma\u00f1ana mi\u00e9rcoles 5 de noviembre, a las 12, la Corte Suprema de Justicia integrada por su presidente, Roberto Falistocco, y los ministros Eduardo Spuler, Rafael Guti\u00e9rrez, Daniel Erbetta, Jorge Baclini, Rub\u00e9n Weder y la ministra Margarita Zabalza, tomar\u00e1n juramento a nuevos jueces y juezas para el Poder Judicial de la provincia de Santa Fe.<\/span><\/span><\/p>\n<p lang=\"es-AR\" style=\"text-align: justify;\" align=\"JUSTIFY\"><span style=\"font-family: Cambria, serif; color: #000000;\"><span style=\"font-size: large;\">Listado completo:<\/span><\/span><\/p>\n<p lang=\"es-AR\" style=\"text-align: justify;\" align=\"JUSTIFY\"><span style=\"font-family: Cambria, serif; color: #000000;\"><span style=\"font-size: large;\"><span style=\"font-family: times new roman, serif;\">&#8211; Vocales de C\u00e1mara de Apelaci\u00f3n en lo Laboral <\/span><span style=\"font-family: times new roman, serif;\">Dra. MAR\u00cdA VICTORIA ACOSTA, Dra. MARIANA VICTORIA GARC\u00cdA y Dr. PABLO GUEILER<\/span><span style=\"font-family: times new roman, serif;\"> para los Tribunales con asiento en la ciudad de Rosario, todos para la Circunscripci\u00f3n Judicial N\u00b0 2.<\/span><\/span><\/span><\/p>\n<p lang=\"es-AR\" style=\"text-align: justify;\" align=\"JUSTIFY\"><span style=\"font-family: Cambria, serif; color: #000000;\"><span style=\"font-size: large;\"><span style=\"font-family: times new roman, serif;\">&#8211; Juez del Colegio de C\u00e1mara de Apelaciones en lo Penal <\/span><span style=\"font-family: times new roman, serif;\">Dr. ISMAEL FABI\u00c1N MANFRIN<\/span><span style=\"font-family: times new roman, serif;\"> para los Tribunales con asiento en la ciudad de Rosario &#8211; Circunscripci\u00f3n Judicial N\u00b0 2.<\/span><\/span><\/span><\/p>\n<p lang=\"es-AR\" style=\"text-align: justify;\" align=\"JUSTIFY\"><span style=\"font-family: Cambria, serif; color: #000000;\"><span style=\"font-size: large;\"><span style=\"font-family: times new roman, serif;\">&#8211; Jueces de Primera Instancia de Distrito en lo Civil y Comercial <\/span><span style=\"font-family: times new roman, serif;\">Dra. SABRINA CAMPBELL y Dr. SEBASTI\u00c1N JOS\u00c9 RUPIL, <\/span><span style=\"font-family: times new roman, serif;\">ambos para los Tribunales con asiento en la ciudad de Rosario; y <\/span><span style=\"font-family: times new roman, serif;\">Dr. DAVID ALBERTO LISANDRELLO<\/span><span style=\"font-family: times new roman, serif;\"> para los Tribunales con asiento en la ciudad de Villa Constituci\u00f3n &#8211; Circunscripci\u00f3n Judicial N\u00b0 2.<\/span><\/span><\/span><\/p>\n<p lang=\"es-AR\" style=\"text-align: justify;\" align=\"JUSTIFY\"><span style=\"font-family: Cambria, serif; color: #000000;\"><span style=\"font-size: large;\"><span style=\"font-family: times new roman, serif;\">&#8211; Juez de Primera Instancia de Distrito en lo Civil, Comercial y Laboral <\/span><span style=\"font-family: times new roman, serif;\">Dr. RENATO CARLOS VIALE<\/span><span style=\"font-family: times new roman, serif;\">, y Jueza de Primera Instancia de Distrito de Menores<\/span><span style=\"font-family: times new roman, serif;\"> Dra. FABIOLA VANESA PIEMONTE, ambos para <\/span><span style=\"font-family: times new roman, serif;\">los Tribunales con asiento en la ciudad de Casilda &#8211; Circunscripci\u00f3n Judicial N\u00b0 2.<\/span><\/span><\/span><\/p>\n<p style=\"text-align: justify;\" align=\"JUSTIFY\"><span style=\"color: #000000;\"><span style=\"font-family: times new roman, serif;\"><span style=\"font-size: large;\"><span lang=\"es-AR\">&#8211; Jueza de Primera Instancia de Distrito en lo Laboral <\/span><\/span><\/span><span style=\"font-family: times new roman, serif;\"><span style=\"font-size: large;\"><span lang=\"es-AR\">Dra. MARIANA MERCEDES OTAROLA<\/span><\/span><\/span><span style=\"font-family: times new roman, serif;\"><span style=\"font-size: large;\"><span lang=\"es-AR\">, para los Tribunales con asiento en la ciudad de San Lorenzo &#8211; Circunscripci\u00f3n Judicial N\u00b0 2. <\/span><\/span><\/span><\/span><\/p>\n<p style=\"text-align: justify;\" align=\"JUSTIFY\"><span style=\"font-family: times new roman, serif; color: #000000;\"><span style=\"font-size: large;\"><span lang=\"es-AR\">Adem\u00e1s prestar\u00e1 juramento como Director del Instituto M\u00e9dico Legal Dr. N\u00c9STOR JOAQU\u00cdN CABREJAS, para los Tribunales con asiento en la ciudad de Rosario &#8211; Circunscripci\u00f3n Judicial N\u00b0 2.<\/span><\/span><\/span><\/p>\n<p style=\"text-align: justify;\" align=\"JUSTIFY\"><span style=\"font-family: Cambria, serif; color: #000000;\"><span style=\"font-size: large;\"><span lang=\"es-AR\">La ceremonia de juramento se llevar\u00e1 a cabo en el Sal\u00f3n de Actos de la Corte Suprema en <strong>Rosario<\/strong> (Balcarce 1651 &#8211; 3\u00b0 piso)<\/span><\/span><\/span><\/p>\n<p lang=\"es-AR\" style=\"text-align: justify;\" align=\"JUSTIFY\"><span style=\"font-family: Cambria, serif; color: #000000;\"><span style=\"font-size: large;\">Santa Fe, 4 de noviembre de 2025.<\/span><\/span><\/p>\n<p lang=\"es-AR\" style=\"text-align: justify;\" align=\"JUSTIFY\"><span style=\"color: #000000;\"><strong><span style=\"font-family: Cambria, serif;\"><span style=\"font-size: large;\">PRENSA \/ PODER JUDICIAL DE SANTA FE<\/span><\/span><\/strong><\/span><\/p>\n<div class=\"gsp_post_data\" data-post_type=\"comunicado_de_prensa\" data-cat=\"comunicados-de-prensa\" data-modified=\"120\" data-title=\"Juran en Rosario jueces y juezas designados recientemente\" data-home=\"https:\/\/www.justiciasantafe.gov.ar\"><\/div>","protected":false},"excerpt":{"rendered":"<p>Ma\u00f1ana mi\u00e9rcoles 5 de noviembre, a las 12, la Corte Suprema de Justicia (&#8230;) <\/p>\n","protected":false},"author":50,"featured_media":56645,"template":"","format":"standard","meta":{"_acf_changed":false,"footnotes":""},"categories":[22],"tags":[4108],"class_list":["post-56640","comunicado_de_prensa","type-comunicado_de_prensa","status-publish","format-standard","has-post-thumbnail","hentry","category-comunicados-de-prensa","tag-novedades"],"acf":{"i2t_anio":2025,"i2t_id_historico":"","i2t_autor_historico":""},"_links":{"self":[{"href":"https:\/\/www.justiciasantafe.gov.ar\/index.php\/wp-json\/wp\/v2\/comunicado_de_prensa\/56640","targetHints":{"allow":["GET"]}}],"collection":[{"href":"https:\/\/www.justiciasantafe.gov.ar\/index.php\/wp-json\/wp\/v2\/comunicado_de_prensa"}],"about":[{"href":"https:\/\/www.justiciasantafe.gov.ar\/index.php\/wp-json\/wp\/v2\/types\/comunicado_de_prensa"}],"author":[{"embeddable":true,"href":"https:\/\/www.justiciasantafe.gov.ar\/index.php\/wp-json\/wp\/v2\/users\/50"}],"version-history":[{"count":0,"href":"https:\/\/www.justiciasantafe.gov.ar\/index.php\/wp-json\/wp\/v2\/comunicado_de_prensa\/56640\/revisions"}],"wp:featuredmedia":[{"embeddable":true,"href":"https:\/\/www.justiciasantafe.gov.ar\/index.php\/wp-json\/wp\/v2\/media\/56645"}],"wp:attachment":[{"href":"https:\/\/www.justiciasantafe.gov.ar\/index.php\/wp-json\/wp\/v2\/media?parent=56640"}],"wp:term":[{"taxonomy":"category","embeddable":true,"href":"https:\/\/www.justiciasantafe.gov.ar\/index.php\/wp-json\/wp\/v2\/categories?post=56640"},{"taxonomy":"post_tag","embeddable":true,"href":"https:\/\/www.justiciasantafe.gov.ar\/index.php\/wp-json\/wp\/v2\/tags?post=56640"}],"curies":[{"name":"wp","href":"https:\/\/api.w.org\/{rel}","templated":true}]}}