 {"id":56934,"date":"2025-11-05T13:11:01","date_gmt":"2025-11-05T16:11:01","guid":{"rendered":"https:\/\/www.justiciasantafe.gov.ar\/?post_type=comunicado_de_prensa&#038;p=56934"},"modified":"2025-11-05T13:11:01","modified_gmt":"2025-11-05T16:11:01","slug":"nuevo-valor-de-la-unidad-jus-ley-12-581","status":"publish","type":"comunicado_de_prensa","link":"https:\/\/www.justiciasantafe.gov.ar\/index.php\/comunicado_de_prensa\/nuevo-valor-de-la-unidad-jus-ley-12-581\/","title":{"rendered":"Nuevo valor de la Unidad Jus  &#8211; Ley 12.581"},"content":{"rendered":"<div class=\"pdfprnt-buttons pdfprnt-buttons-comunicado_de_prensa pdfprnt-top-right\"><a href=\"https:\/\/www.justiciasantafe.gov.ar\/index.php\/wp-json\/wp\/v2\/comunicado_de_prensa\/56934?print=pdf\" class=\"pdfprnt-button pdfprnt-button-pdf\" target=\"_blank\"><img decoding=\"async\" src=\"https:\/\/www.justiciasantafe.gov.ar\/wp-content\/plugins\/pdf-print-pro\/images\/pdf.png?357112440\" alt=\"image_pdf\" title=\"Ver PDF\" \/><\/a><a href=\"https:\/\/www.justiciasantafe.gov.ar\/index.php\/wp-json\/wp\/v2\/comunicado_de_prensa\/56934?print=print\" class=\"pdfprnt-button pdfprnt-button-print\" target=\"_blank\"><img decoding=\"async\" src=\"https:\/\/www.justiciasantafe.gov.ar\/wp-content\/plugins\/pdf-print-pro\/images\/print.png?1674575983\" alt=\"image_print\" title=\"Imprimir contenido\" \/><\/a><\/div><p class=\"western\" lang=\"es-AR\" align=\"JUSTIFY\"><span style=\"color: #000000;\"><span style=\"font-family: Cambria, serif;\"><span style=\"font-size: medium;\">La Corte Suprema de Justicia, a trav\u00e9s de la Secretar\u00eda de Gobierno, dispuso el aumento del monto de la Unidad Jus prevista en el art\u00edculo 32 de la Ley 12851 de Honorarios de Abogados y Procuradores, en $109.555,08 (pesos ciento nueve mil quinientos cincuenta y cinco con 08\/100) a partir del 1 de septiembre de 2025.<\/span><\/span><\/span><\/p>\n<p class=\"western\" lang=\"es-AR\" align=\"JUSTIFY\"><span style=\"color: #000000;\"><span style=\"font-family: Cambria, serif;\"><span style=\"font-size: medium;\">La Resoluci\u00f3n de Secretar\u00eda de Gobierno fue firmada y comunicada en fecha 4\/11\/2025.<\/span><\/span><\/span><\/p>\n<p class=\"western\" lang=\"es-AR\" align=\"LEFT\"><span style=\"color: #000000;\"><span style=\"font-family: Cambria, serif;\"><span style=\"font-size: medium;\">Para mayor informaci\u00f3n: <a href=\"https:\/\/www.justiciasantafe.gov.ar\/index.php\/poder-judicial\/informacion-general\/unidad-jus\/\">https:\/\/www.justiciasantafe.gov.ar\/index.php\/poder-judicial\/informacion-general\/unidad-jus\/<\/a> <\/span><\/span><\/span><\/p>\n<p class=\"western\" lang=\"es-AR\" align=\"JUSTIFY\"><span style=\"color: #000000;\"><span style=\"font-family: Cambria, serif;\"><span style=\"font-size: medium;\">Santa Fe, 5 de noviembre de 2024.<\/span><\/span><\/span><\/p>\n<p class=\"western\" lang=\"es-AR\" align=\"JUSTIFY\"><span style=\"color: #000000;\"><span style=\"font-family: Cambria, serif;\"><span style=\"font-size: medium;\"><b>PRENSA \/ PODER JUDICIAL DE SANTA FE<\/b><\/span><\/span><\/span><\/p>\n<div class=\"gsp_post_data\" data-post_type=\"comunicado_de_prensa\" data-cat=\"comunicados-de-prensa\" data-modified=\"120\" data-title=\"Nuevo valor de la Unidad Jus  &#8211; Ley 12.581\" data-home=\"https:\/\/www.justiciasantafe.gov.ar\"><\/div>","protected":false},"excerpt":{"rendered":"<p>Actualizaci\u00f3n dispuesta a partir del 1 de septiembre de 2025<\/p>\n","protected":false},"author":50,"featured_media":52079,"template":"","format":"standard","meta":{"_acf_changed":false,"footnotes":""},"categories":[22],"tags":[4108],"class_list":["post-56934","comunicado_de_prensa","type-comunicado_de_prensa","status-publish","format-standard","has-post-thumbnail","hentry","category-comunicados-de-prensa","tag-novedades"],"acf":{"i2t_anio":2025,"i2t_id_historico":"","i2t_autor_historico":""},"_links":{"self":[{"href":"https:\/\/www.justiciasantafe.gov.ar\/index.php\/wp-json\/wp\/v2\/comunicado_de_prensa\/56934","targetHints":{"allow":["GET"]}}],"collection":[{"href":"https:\/\/www.justiciasantafe.gov.ar\/index.php\/wp-json\/wp\/v2\/comunicado_de_prensa"}],"about":[{"href":"https:\/\/www.justiciasantafe.gov.ar\/index.php\/wp-json\/wp\/v2\/types\/comunicado_de_prensa"}],"author":[{"embeddable":true,"href":"https:\/\/www.justiciasantafe.gov.ar\/index.php\/wp-json\/wp\/v2\/users\/50"}],"version-history":[{"count":0,"href":"https:\/\/www.justiciasantafe.gov.ar\/index.php\/wp-json\/wp\/v2\/comunicado_de_prensa\/56934\/revisions"}],"wp:featuredmedia":[{"embeddable":true,"href":"https:\/\/www.justiciasantafe.gov.ar\/index.php\/wp-json\/wp\/v2\/media\/52079"}],"wp:attachment":[{"href":"https:\/\/www.justiciasantafe.gov.ar\/index.php\/wp-json\/wp\/v2\/media?parent=56934"}],"wp:term":[{"taxonomy":"category","embeddable":true,"href":"https:\/\/www.justiciasantafe.gov.ar\/index.php\/wp-json\/wp\/v2\/categories?post=56934"},{"taxonomy":"post_tag","embeddable":true,"href":"https:\/\/www.justiciasantafe.gov.ar\/index.php\/wp-json\/wp\/v2\/tags?post=56934"}],"curies":[{"name":"wp","href":"https:\/\/api.w.org\/{rel}","templated":true}]}}