 {"id":62446,"date":"2026-03-31T11:00:44","date_gmt":"2026-03-31T14:00:44","guid":{"rendered":"https:\/\/www.justiciasantafe.gov.ar\/?post_type=comunicado_de_prensa&#038;p=62446"},"modified":"2026-04-01T10:13:21","modified_gmt":"2026-04-01T13:13:21","slug":"causa-emilio-alal-safici","status":"publish","type":"comunicado_de_prensa","link":"https:\/\/www.justiciasantafe.gov.ar\/index.php\/comunicado_de_prensa\/causa-emilio-alal-safici\/","title":{"rendered":"CAUSA EMILIO ALAL SAFICI"},"content":{"rendered":"<div class=\"pdfprnt-buttons pdfprnt-buttons-comunicado_de_prensa pdfprnt-top-right\"><a href=\"https:\/\/www.justiciasantafe.gov.ar\/index.php\/wp-json\/wp\/v2\/comunicado_de_prensa\/62446?print=pdf\" class=\"pdfprnt-button pdfprnt-button-pdf\" target=\"_blank\"><img decoding=\"async\" src=\"https:\/\/www.justiciasantafe.gov.ar\/wp-content\/plugins\/pdf-print-pro\/images\/pdf.png?357112440\" alt=\"image_pdf\" title=\"Ver PDF\" \/><\/a><a href=\"https:\/\/www.justiciasantafe.gov.ar\/index.php\/wp-json\/wp\/v2\/comunicado_de_prensa\/62446?print=print\" class=\"pdfprnt-button pdfprnt-button-print\" target=\"_blank\"><img decoding=\"async\" src=\"https:\/\/www.justiciasantafe.gov.ar\/wp-content\/plugins\/pdf-print-pro\/images\/print.png?1674575983\" alt=\"image_print\" title=\"Imprimir contenido\" \/><\/a><\/div><h4><span style=\"color: #000000; font-size: 120%;\">Disposiciones de inter\u00e9s p\u00fablico respecto a la <strong>Apertura del Concurso Preventivo<\/strong> de la empresa <strong>\u201cEMILIO ALAL S.A.C.I.F.I.\u201d <\/strong>en tr\u00e1mite ante el Juzgado en lo Civil y Comercial de la 1ra. Nominaci\u00f3n de los Tribunales de Reconquista a cargo del Dr. Franco Raschetti. <\/span><\/h4>\n<h4><span style=\"color: #000000; font-size: 120%;\">La resoluci\u00f3n de apertura de fecha <strong>27.02.2026 <\/strong>se encuentra disponible aqu\u00ed: <\/span><a href=\"https:\/\/www.justiciasantafe.gov.ar\/wp-content\/uploads\/2026\/02\/Sentencia-apertura-Emilio-Alal-SACIFI.pdf\" target=\"\" rel=\"attachment wp-att-62449\"><span style=\"color: #008000; font-size: 120%;\">Sentencia apertura Emilio Alal SACIFI<\/span><\/a><\/h4>\n<p>___________________________________________________________________<\/p>\n<h4><strong><span style=\"font-size: 120%; color: #000000;\">NOVEDADES:\u00a0 05.03.2026<\/span><\/strong><\/h4>\n<h4 align=\"JUSTIFY\"><span style=\"color: #000000;\"><span style=\"font-family: Times New Roman, serif;\"><span style=\"font-size: medium;\"><span style=\"font-size: 120%; color: #000000;\">Se hace saber que luego del sorteo efectuado el d\u00eda martes 03\/03\/2026, han aceptado el cargo como S\u00edndicos los Cdres. Lucila In\u00e9s Prono, Carlos Alberto Annichini y Ra\u00fal Antonio Bajach quienes han fijado domicilio procesal en calle Iriondo 729 de la ciudad de Reconquista.<br \/>\n<\/span><\/span><\/span><\/span><\/h4>\n<h4 align=\"JUSTIFY\"><span style=\"color: #000000;\"><span style=\"font-family: Times New Roman, serif;\"><span style=\"font-size: medium;\"><span style=\"font-size: 120%; color: #000000;\">El horario de atenci\u00f3n en el domicilio mencionado ser\u00e1 de lunes a viernes de 7:30 a 12:30 y de 15:30 a 19:30 horas.<\/span><\/span><\/span><\/span><\/h4>\n<h4 align=\"JUSTIFY\"><span style=\"color: #000000;\"><span style=\"font-family: Times New Roman, serif;\"><span style=\"font-size: medium;\"><span style=\"font-size: 120%; color: #000000;\"> A los fines del proceso de verificaci\u00f3n de cr\u00e9ditos tambi\u00e9n se ofreci\u00f3 tener oficina abierta al p\u00fablico en calle Avenida Facundo Zuvir\u00eda 3675 de la ciudad de Santa Fe, en el horario de 8:00 a 13:00 horas y de 17:00 a 20:00 horas. <\/span><\/span><\/span><\/span><\/h4>\n<h4 align=\"JUSTIFY\"><span style=\"color: #000000;\"><span style=\"font-family: Times New Roman, serif;\"><span style=\"font-size: medium;\"><span style=\"font-size: 120%; color: #000000;\">Adem\u00e1s, han denunciado como domicilio electr\u00f3nico el siguiente mail: <\/span><a class=\"moz-txt-link-freetext\" href=\"mailto:concursoemilioalal@gmail.com\"><span style=\"font-size: 120%; color: #0000ff;\">concursoemilioalal@gmail.com<\/span><\/a><\/span><\/span><\/span><\/h4>\n<p><strong>Fdo. Franco Raschetti (Juez)<\/strong><\/p>\n<p align=\"JUSTIFY\">______________________________________________________________________<\/p>\n<p align=\"JUSTIFY\"><span style=\"font-size: 120%;\"><strong>Actualizaci\u00f3n al 30.03.2026: <\/strong><\/span><\/p>\n<p align=\"JUSTIFY\"><a href=\"https:\/\/www.justiciasantafe.gov.ar\/wp-content\/uploads\/2026\/03\/Instructivo-verificaciones-Emilio-Alal-SACIFI.pdf\" target=\"\" rel=\"attachment wp-att-64280\">Instructivo verificaciones Emilio Alal SACIFI<\/a><\/p>\n<div class=\"gsp_post_data\" data-post_type=\"comunicado_de_prensa\" data-cat=\"comunicados-de-prensa\" data-modified=\"120\" data-title=\"CAUSA EMILIO ALAL SAFICI\" data-home=\"https:\/\/www.justiciasantafe.gov.ar\"><\/div>","protected":false},"excerpt":{"rendered":"[INFORMACI\u00d3N ACTUALIZADA AL 30.03.2026]\n","protected":false},"author":50,"featured_media":62450,"template":"","format":"standard","meta":{"_acf_changed":false,"footnotes":""},"categories":[22],"tags":[],"class_list":["post-62446","comunicado_de_prensa","type-comunicado_de_prensa","status-publish","format-standard","has-post-thumbnail","hentry","category-comunicados-de-prensa"],"acf":{"i2t_anio":2026,"i2t_id_historico":"","i2t_autor_historico":""},"_links":{"self":[{"href":"https:\/\/www.justiciasantafe.gov.ar\/index.php\/wp-json\/wp\/v2\/comunicado_de_prensa\/62446","targetHints":{"allow":["GET"]}}],"collection":[{"href":"https:\/\/www.justiciasantafe.gov.ar\/index.php\/wp-json\/wp\/v2\/comunicado_de_prensa"}],"about":[{"href":"https:\/\/www.justiciasantafe.gov.ar\/index.php\/wp-json\/wp\/v2\/types\/comunicado_de_prensa"}],"author":[{"embeddable":true,"href":"https:\/\/www.justiciasantafe.gov.ar\/index.php\/wp-json\/wp\/v2\/users\/50"}],"version-history":[{"count":7,"href":"https:\/\/www.justiciasantafe.gov.ar\/index.php\/wp-json\/wp\/v2\/comunicado_de_prensa\/62446\/revisions"}],"predecessor-version":[{"id":64281,"href":"https:\/\/www.justiciasantafe.gov.ar\/index.php\/wp-json\/wp\/v2\/comunicado_de_prensa\/62446\/revisions\/64281"}],"wp:featuredmedia":[{"embeddable":true,"href":"https:\/\/www.justiciasantafe.gov.ar\/index.php\/wp-json\/wp\/v2\/media\/62450"}],"wp:attachment":[{"href":"https:\/\/www.justiciasantafe.gov.ar\/index.php\/wp-json\/wp\/v2\/media?parent=62446"}],"wp:term":[{"taxonomy":"category","embeddable":true,"href":"https:\/\/www.justiciasantafe.gov.ar\/index.php\/wp-json\/wp\/v2\/categories?post=62446"},{"taxonomy":"post_tag","embeddable":true,"href":"https:\/\/www.justiciasantafe.gov.ar\/index.php\/wp-json\/wp\/v2\/tags?post=62446"}],"curies":[{"name":"wp","href":"https:\/\/api.w.org\/{rel}","templated":true}]}}