 {"id":62699,"date":"2026-04-08T07:20:04","date_gmt":"2026-04-08T10:20:04","guid":{"rendered":"https:\/\/www.justiciasantafe.gov.ar\/?post_type=comunicado_de_prensa&#038;p=62699"},"modified":"2026-04-08T07:26:14","modified_gmt":"2026-04-08T10:26:14","slug":"causa-bioceres-s-a","status":"publish","type":"comunicado_de_prensa","link":"https:\/\/www.justiciasantafe.gov.ar\/index.php\/comunicado_de_prensa\/causa-bioceres-s-a\/","title":{"rendered":"CAUSA BIOCERES S.A"},"content":{"rendered":"<div class=\"pdfprnt-buttons pdfprnt-buttons-comunicado_de_prensa pdfprnt-top-right\"><a href=\"https:\/\/www.justiciasantafe.gov.ar\/index.php\/wp-json\/wp\/v2\/comunicado_de_prensa\/62699?print=pdf\" class=\"pdfprnt-button pdfprnt-button-pdf\" target=\"_blank\"><img decoding=\"async\" src=\"https:\/\/www.justiciasantafe.gov.ar\/wp-content\/plugins\/pdf-print-pro\/images\/pdf.png?357112440\" alt=\"image_pdf\" title=\"Ver PDF\" \/><\/a><a href=\"https:\/\/www.justiciasantafe.gov.ar\/index.php\/wp-json\/wp\/v2\/comunicado_de_prensa\/62699?print=print\" class=\"pdfprnt-button pdfprnt-button-print\" target=\"_blank\"><img decoding=\"async\" src=\"https:\/\/www.justiciasantafe.gov.ar\/wp-content\/plugins\/pdf-print-pro\/images\/print.png?1674575983\" alt=\"image_print\" title=\"Imprimir contenido\" \/><\/a><\/div><h4><span style=\"color: #000000; font-size: 120%;\">Disposiciones de inter\u00e9s p\u00fablico respecto a la <strong>Declaraci\u00f3n de Quiebra de la empresa<\/strong> <strong>\u201cBIOCERES S.A\u201d <\/strong>de tr\u00e1mite ante el Juzgado en lo Civil y Comercial de la 6ta.Nominaci\u00f3n de los Tribunales de Rosario a cargo del <strong>Dr. Fernando Alejandro M\u00e9coli.<\/strong> <\/span><\/h4>\n<h4><span style=\"color: #000000; font-size: 120%;\">La resoluci\u00f3n de quiebra de fecha <strong>03.03.2026 <\/strong>se encuentra disponible aqu\u00ed:<\/span> <a href=\"https:\/\/www.justiciasantafe.gov.ar\/wp-content\/uploads\/2026\/03\/Auto-declaracion-de-Quiebra-Bioceres-SA.pdf\" target=\"\" rel=\"attachment wp-att-62700\"><span style=\"color: #008000;\"><strong>Auto declaraci\u00f3n de Quiebra Bioceres SA<\/strong><\/span><\/a><\/h4>\n<p>________________________________________________________<\/p>\n<h4><span style=\"font-size: 110%; color: #000000;\"><strong>NOVEDADES DEL 07.04.2026<\/strong><\/span><\/h4>\n<h4><a href=\"https:\/\/www.justiciasantafe.gov.ar\/wp-content\/uploads\/2026\/03\/Resolucion-Fechas-Verificacion-de-Creditos.pdf\" target=\"\" rel=\"attachment wp-att-64740\"><span style=\"font-size: 110%;\">Resoluci\u00f3n Fechas Verificaci\u00f3n de Cr\u00e9ditos<\/span><\/a><\/h4>\n<div class=\"gsp_post_data\" data-post_type=\"comunicado_de_prensa\" data-cat=\"comunicados-de-prensa\" data-modified=\"120\" data-title=\"CAUSA BIOCERES S.A\" data-home=\"https:\/\/www.justiciasantafe.gov.ar\"><\/div>","protected":false},"excerpt":{"rendered":"[Informaci\u00f3n actualizada al: 07.04.2026]\n","protected":false},"author":50,"featured_media":62708,"template":"","format":"standard","meta":{"_acf_changed":false,"footnotes":""},"categories":[22],"tags":[4108],"class_list":["post-62699","comunicado_de_prensa","type-comunicado_de_prensa","status-publish","format-standard","has-post-thumbnail","hentry","category-comunicados-de-prensa","tag-novedades"],"acf":{"i2t_anio":2026,"i2t_id_historico":"","i2t_autor_historico":""},"_links":{"self":[{"href":"https:\/\/www.justiciasantafe.gov.ar\/index.php\/wp-json\/wp\/v2\/comunicado_de_prensa\/62699","targetHints":{"allow":["GET"]}}],"collection":[{"href":"https:\/\/www.justiciasantafe.gov.ar\/index.php\/wp-json\/wp\/v2\/comunicado_de_prensa"}],"about":[{"href":"https:\/\/www.justiciasantafe.gov.ar\/index.php\/wp-json\/wp\/v2\/types\/comunicado_de_prensa"}],"author":[{"embeddable":true,"href":"https:\/\/www.justiciasantafe.gov.ar\/index.php\/wp-json\/wp\/v2\/users\/50"}],"version-history":[{"count":5,"href":"https:\/\/www.justiciasantafe.gov.ar\/index.php\/wp-json\/wp\/v2\/comunicado_de_prensa\/62699\/revisions"}],"predecessor-version":[{"id":64743,"href":"https:\/\/www.justiciasantafe.gov.ar\/index.php\/wp-json\/wp\/v2\/comunicado_de_prensa\/62699\/revisions\/64743"}],"wp:featuredmedia":[{"embeddable":true,"href":"https:\/\/www.justiciasantafe.gov.ar\/index.php\/wp-json\/wp\/v2\/media\/62708"}],"wp:attachment":[{"href":"https:\/\/www.justiciasantafe.gov.ar\/index.php\/wp-json\/wp\/v2\/media?parent=62699"}],"wp:term":[{"taxonomy":"category","embeddable":true,"href":"https:\/\/www.justiciasantafe.gov.ar\/index.php\/wp-json\/wp\/v2\/categories?post=62699"},{"taxonomy":"post_tag","embeddable":true,"href":"https:\/\/www.justiciasantafe.gov.ar\/index.php\/wp-json\/wp\/v2\/tags?post=62699"}],"curies":[{"name":"wp","href":"https:\/\/api.w.org\/{rel}","templated":true}]}}