 {"id":62720,"date":"2026-04-10T13:39:49","date_gmt":"2026-04-10T16:39:49","guid":{"rendered":"https:\/\/www.justiciasantafe.gov.ar\/?post_type=comunicado_de_prensa&#038;p=62720"},"modified":"2026-04-10T13:40:24","modified_gmt":"2026-04-10T16:40:24","slug":"plataforma-alberdi-nuevo-modelo-de-gestion-judicial-penal-en-santa-fe","status":"publish","type":"comunicado_de_prensa","link":"https:\/\/www.justiciasantafe.gov.ar\/index.php\/comunicado_de_prensa\/plataforma-alberdi-nuevo-modelo-de-gestion-judicial-penal-en-santa-fe\/","title":{"rendered":"PLATAFORMA ALBERDI &#8211; Nuevo modelo de Gesti\u00f3n Judicial Penal en Santa Fe"},"content":{"rendered":"<div class=\"pdfprnt-buttons pdfprnt-buttons-comunicado_de_prensa pdfprnt-top-right\"><a href=\"https:\/\/www.justiciasantafe.gov.ar\/index.php\/wp-json\/wp\/v2\/comunicado_de_prensa\/62720?print=pdf\" class=\"pdfprnt-button pdfprnt-button-pdf\" target=\"_blank\"><img decoding=\"async\" src=\"https:\/\/www.justiciasantafe.gov.ar\/wp-content\/plugins\/pdf-print-pro\/images\/pdf.png?357112440\" alt=\"image_pdf\" title=\"Ver PDF\" \/><\/a><a href=\"https:\/\/www.justiciasantafe.gov.ar\/index.php\/wp-json\/wp\/v2\/comunicado_de_prensa\/62720?print=print\" class=\"pdfprnt-button pdfprnt-button-print\" target=\"_blank\"><img decoding=\"async\" src=\"https:\/\/www.justiciasantafe.gov.ar\/wp-content\/plugins\/pdf-print-pro\/images\/print.png?1674575983\" alt=\"image_print\" title=\"Imprimir contenido\" \/><\/a><\/div><p style=\"text-align: justify;\"><span style=\"font-size: 120%; color: #000000;\">La Corte Suprema de Justicia, mediante Acta\u2011Acuerdo n.\u00ba 5, punto 14, de fecha 3 de marzo del corriente a\u00f1o, dispuso la puesta en producci\u00f3n en el <strong>distrito judicial San Lorenzo<\/strong> del <strong>&#8220;Sistema Plataforma Alberdi&#8221; <\/strong>para el Sistema de Justicia Penal.<\/span><\/p>\n<p style=\"text-align: justify;\"><span style=\"font-size: 120%; color: #000000;\">La medida entrar\u00e1 en vigencia en dicho distrito a partir del <strong>13 de abril de 2026.<\/strong><\/span><\/p>\n<p style=\"text-align: justify;\"><span style=\"font-size: 120%; color: #000000;\">Con el fin de garantizar una implementaci\u00f3n adecuada de esta herramienta \u2014concebida como un pilar estrat\u00e9gico para fortalecer la celeridad, transparencia y trazabilidad de la gesti\u00f3n penal santafesina\u2014 y dado que su incorporaci\u00f3n <strong>requiere un entorno controlado<\/strong> conforme al cronograma t\u00e9cnico previsto, que incluye una fase cr\u00edtica de transici\u00f3n, la Corte Suprema resolvi\u00f3 s<strong>uspender los t\u00e9rminos procesales en el fuero penal del distrito San Lorenzo los d\u00edas 6, 7, 8, 9 y 10 de abril pr\u00f3ximo.<\/strong><\/span><\/p>\n<p style=\"text-align: justify;\"><span style=\"font-size: 120%; color: #000000;\">Para acceder al Acta\u2011Acuerdo correspondiente, ingresar aqu\u00ed: <a href=\"https:\/\/www.justiciasantafe.gov.ar\/wp-content\/uploads\/2026\/03\/CSJSF.ACTA-NRO.-5-PTO.-14-del-03.03.26-1.pdf\" target=\"\" rel=\"attachment wp-att-62728\">CSJSF.ACTA NRO. 5 PTO. 14 del 03.03.26<\/a><\/span><\/p>\n<p lang=\"es-AR\" align=\"JUSTIFY\">\n<div class=\"gsp_post_data\" data-post_type=\"comunicado_de_prensa\" data-cat=\"comunicados-de-prensa\" data-modified=\"120\" data-title=\"PLATAFORMA ALBERDI &#8211; Nuevo modelo de Gesti\u00f3n Judicial Penal en Santa Fe\" data-home=\"https:\/\/www.justiciasantafe.gov.ar\"><\/div>","protected":false},"excerpt":{"rendered":"<p>Puesta en producci\u00f3n en el Distrito Judicial San Lorenzo desde el 13 de abril de 2026.<\/p>\n","protected":false},"author":50,"featured_media":62726,"template":"","format":"standard","meta":{"_acf_changed":false,"footnotes":""},"categories":[22],"tags":[3128,4108],"class_list":["post-62720","comunicado_de_prensa","type-comunicado_de_prensa","status-publish","format-standard","has-post-thumbnail","hentry","category-comunicados-de-prensa","tag-bannerhome","tag-novedades"],"acf":{"i2t_anio":2026,"i2t_id_historico":"","i2t_autor_historico":""},"_links":{"self":[{"href":"https:\/\/www.justiciasantafe.gov.ar\/index.php\/wp-json\/wp\/v2\/comunicado_de_prensa\/62720","targetHints":{"allow":["GET"]}}],"collection":[{"href":"https:\/\/www.justiciasantafe.gov.ar\/index.php\/wp-json\/wp\/v2\/comunicado_de_prensa"}],"about":[{"href":"https:\/\/www.justiciasantafe.gov.ar\/index.php\/wp-json\/wp\/v2\/types\/comunicado_de_prensa"}],"author":[{"embeddable":true,"href":"https:\/\/www.justiciasantafe.gov.ar\/index.php\/wp-json\/wp\/v2\/users\/50"}],"version-history":[{"count":5,"href":"https:\/\/www.justiciasantafe.gov.ar\/index.php\/wp-json\/wp\/v2\/comunicado_de_prensa\/62720\/revisions"}],"predecessor-version":[{"id":62730,"href":"https:\/\/www.justiciasantafe.gov.ar\/index.php\/wp-json\/wp\/v2\/comunicado_de_prensa\/62720\/revisions\/62730"}],"wp:featuredmedia":[{"embeddable":true,"href":"https:\/\/www.justiciasantafe.gov.ar\/index.php\/wp-json\/wp\/v2\/media\/62726"}],"wp:attachment":[{"href":"https:\/\/www.justiciasantafe.gov.ar\/index.php\/wp-json\/wp\/v2\/media?parent=62720"}],"wp:term":[{"taxonomy":"category","embeddable":true,"href":"https:\/\/www.justiciasantafe.gov.ar\/index.php\/wp-json\/wp\/v2\/categories?post=62720"},{"taxonomy":"post_tag","embeddable":true,"href":"https:\/\/www.justiciasantafe.gov.ar\/index.php\/wp-json\/wp\/v2\/tags?post=62720"}],"curies":[{"name":"wp","href":"https:\/\/api.w.org\/{rel}","templated":true}]}}