 {"id":64633,"date":"2026-04-06T13:26:53","date_gmt":"2026-04-06T16:26:53","guid":{"rendered":"https:\/\/www.justiciasantafe.gov.ar\/?post_type=comunicado_de_prensa&#038;p=64633"},"modified":"2026-04-06T13:26:53","modified_gmt":"2026-04-06T16:26:53","slug":"se-actualizo-el-monto-de-la-unidad-jus-del-art-32-ley-12-851-9","status":"publish","type":"comunicado_de_prensa","link":"https:\/\/www.justiciasantafe.gov.ar\/index.php\/comunicado_de_prensa\/se-actualizo-el-monto-de-la-unidad-jus-del-art-32-ley-12-851-9\/","title":{"rendered":"Se actualiz\u00f3 el monto de la Unidad Jus del Art. 32 &#8211; Ley 12.851"},"content":{"rendered":"<div class=\"pdfprnt-buttons pdfprnt-buttons-comunicado_de_prensa pdfprnt-top-right\"><a href=\"https:\/\/www.justiciasantafe.gov.ar\/index.php\/wp-json\/wp\/v2\/comunicado_de_prensa\/64633?print=pdf\" class=\"pdfprnt-button pdfprnt-button-pdf\" target=\"_blank\"><img decoding=\"async\" src=\"https:\/\/www.justiciasantafe.gov.ar\/wp-content\/plugins\/pdf-print-pro\/images\/pdf.png?357112440\" alt=\"image_pdf\" title=\"Ver PDF\" \/><\/a><a href=\"https:\/\/www.justiciasantafe.gov.ar\/index.php\/wp-json\/wp\/v2\/comunicado_de_prensa\/64633?print=print\" class=\"pdfprnt-button pdfprnt-button-print\" target=\"_blank\"><img decoding=\"async\" src=\"https:\/\/www.justiciasantafe.gov.ar\/wp-content\/plugins\/pdf-print-pro\/images\/print.png?1674575983\" alt=\"image_print\" title=\"Imprimir contenido\" \/><\/a><\/div><h4 align=\"JUSTIFY\"><span style=\"color: #000000; font-size: 115%;\"><span style=\"font-family: Cambria, serif;\">Por disposici\u00f3n de la Secretar\u00eda de Gobierno de la Corte Suprema de Justicia, se dispuso que el monto de la Unidad Jus prevista en el art\u00edculo 32 de la ley 12.851, quede<\/span><span style=\"font-family: Cambria, serif;\"><span lang=\"es-AR\"> establecido en <\/span><\/span><span style=\"font-family: Cambria, serif;\"><span lang=\"es-AR\"><b>$128.494,37<\/b><\/span><\/span><span style=\"font-family: Cambria, serif;\"><span lang=\"es-AR\"> (<\/span><\/span><span style=\"font-family: Cambria, serif;\"><span lang=\"es-AR\">ciento veintiocho mil cuatrocientos noventa y cuatro con 37 centavos<\/span><\/span><span style=\"font-family: Cambria, serif;\"><span lang=\"es-AR\"> ) a partir del <\/span><\/span><span style=\"font-family: Cambria, serif;\"><span lang=\"es-AR\"><b>1 de febrero de 2026.<\/b><\/span><\/span><\/span><\/h4>\n<h4 align=\"JUSTIFY\"><span style=\"color: #000000; font-size: 115%;\"><span style=\"font-family: Cambria, serif;\">Para mayor informaci\u00f3n consultar en: <\/span><a style=\"color: #000000;\" href=\"https:\/\/www.justiciasantafe.gov.ar\/index.php\/poder-judicial\/informacion-general\/unidad-jus\/\"><span style=\"font-family: Cambria, serif;\"><span style=\"color: #0000ff;\">https:\/\/www.justiciasantafe.gov.ar\/index.php\/poder-judicial\/informacion-general\/unidad-jus\/<\/span><\/span><\/a><\/span><\/h4>\n<h4 align=\"JUSTIFY\"><span style=\"font-family: Cambria, serif; color: #000000; font-size: 115%;\">Santa Fe, 6 de abril de 2026.<\/span><\/h4>\n<h4 align=\"JUSTIFY\"><span style=\"font-family: Cambria, serif; color: #000000; font-size: 115%;\"><i><b>PRENSA \/ PODER JUDICIAL DE SANTA FE<\/b><\/i><\/span><\/h4>\n<div class=\"gsp_post_data\" data-post_type=\"comunicado_de_prensa\" data-cat=\"comunicados-de-prensa\" data-modified=\"120\" data-title=\"Se actualiz\u00f3 el monto de la Unidad Jus del Art. 32 &#8211; Ley 12.851\" data-home=\"https:\/\/www.justiciasantafe.gov.ar\"><\/div>","protected":false},"excerpt":{"rendered":"<p>Con vigencia a partir del 1 de febrero de 2026. <\/p>\n","protected":false},"author":50,"featured_media":64634,"template":"","format":"standard","meta":{"_acf_changed":false,"footnotes":""},"categories":[22],"tags":[4108],"class_list":["post-64633","comunicado_de_prensa","type-comunicado_de_prensa","status-publish","format-standard","has-post-thumbnail","hentry","category-comunicados-de-prensa","tag-novedades"],"acf":{"i2t_anio":2026,"i2t_id_historico":-1,"i2t_autor_historico":""},"_links":{"self":[{"href":"https:\/\/www.justiciasantafe.gov.ar\/index.php\/wp-json\/wp\/v2\/comunicado_de_prensa\/64633","targetHints":{"allow":["GET"]}}],"collection":[{"href":"https:\/\/www.justiciasantafe.gov.ar\/index.php\/wp-json\/wp\/v2\/comunicado_de_prensa"}],"about":[{"href":"https:\/\/www.justiciasantafe.gov.ar\/index.php\/wp-json\/wp\/v2\/types\/comunicado_de_prensa"}],"author":[{"embeddable":true,"href":"https:\/\/www.justiciasantafe.gov.ar\/index.php\/wp-json\/wp\/v2\/users\/50"}],"version-history":[{"count":1,"href":"https:\/\/www.justiciasantafe.gov.ar\/index.php\/wp-json\/wp\/v2\/comunicado_de_prensa\/64633\/revisions"}],"predecessor-version":[{"id":64635,"href":"https:\/\/www.justiciasantafe.gov.ar\/index.php\/wp-json\/wp\/v2\/comunicado_de_prensa\/64633\/revisions\/64635"}],"wp:featuredmedia":[{"embeddable":true,"href":"https:\/\/www.justiciasantafe.gov.ar\/index.php\/wp-json\/wp\/v2\/media\/64634"}],"wp:attachment":[{"href":"https:\/\/www.justiciasantafe.gov.ar\/index.php\/wp-json\/wp\/v2\/media?parent=64633"}],"wp:term":[{"taxonomy":"category","embeddable":true,"href":"https:\/\/www.justiciasantafe.gov.ar\/index.php\/wp-json\/wp\/v2\/categories?post=64633"},{"taxonomy":"post_tag","embeddable":true,"href":"https:\/\/www.justiciasantafe.gov.ar\/index.php\/wp-json\/wp\/v2\/tags?post=64633"}],"curies":[{"name":"wp","href":"https:\/\/api.w.org\/{rel}","templated":true}]}}