 {"id":66151,"date":"2026-04-24T10:56:01","date_gmt":"2026-04-24T13:56:01","guid":{"rendered":"https:\/\/www.justiciasantafe.gov.ar\/?post_type=comunicado_de_prensa&#038;p=66151"},"modified":"2026-04-24T11:07:37","modified_gmt":"2026-04-24T14:07:37","slug":"la-justicia-santafesina-presento-la-plataforma-alberdi-en-san-lorenzo","status":"publish","type":"comunicado_de_prensa","link":"https:\/\/www.justiciasantafe.gov.ar\/index.php\/comunicado_de_prensa\/la-justicia-santafesina-presento-la-plataforma-alberdi-en-san-lorenzo\/","title":{"rendered":"La Justicia santafesina present\u00f3 la Plataforma Alberdi en San Lorenzo"},"content":{"rendered":"<div class=\"pdfprnt-buttons pdfprnt-buttons-comunicado_de_prensa pdfprnt-top-right\"><a href=\"https:\/\/www.justiciasantafe.gov.ar\/index.php\/wp-json\/wp\/v2\/comunicado_de_prensa\/66151?print=pdf\" class=\"pdfprnt-button pdfprnt-button-pdf\" target=\"_blank\"><img decoding=\"async\" src=\"https:\/\/www.justiciasantafe.gov.ar\/wp-content\/plugins\/pdf-print-pro\/images\/pdf.png?357112440\" alt=\"image_pdf\" title=\"Ver PDF\" \/><\/a><a href=\"https:\/\/www.justiciasantafe.gov.ar\/index.php\/wp-json\/wp\/v2\/comunicado_de_prensa\/66151?print=print\" class=\"pdfprnt-button pdfprnt-button-print\" target=\"_blank\"><img decoding=\"async\" src=\"https:\/\/www.justiciasantafe.gov.ar\/wp-content\/plugins\/pdf-print-pro\/images\/print.png?1674575983\" alt=\"image_print\" title=\"Imprimir contenido\" \/><\/a><\/div><p><span style=\"font-size: 120%; color: #000000;\">Qued\u00f3 formalmente inaugurada la &#8220;Plataforma Alberdi&#8221; como nuevo Sistema de Gesti\u00f3n Penal para la Justicia santafesina.<\/span><\/p>\n<p><span style=\"font-size: 120%; color: #000000;\">El acto se llev\u00f3 a cabo este mi\u00e9rcoles en los Tribunales de San Lorenzo y cont\u00f3 con la presencia del gobernador Maximiliano Pullaro y el intendente local, Leonardo Raimundo.<\/span><\/p>\n<p style=\"text-align: justify;\"><span style=\"font-size: 120%; color: #000000;\">La ceremonia fue presidida por el presidente de la Corte Suprema de Justicia, Rafael Guti\u00e9rrez, quien estuvo acompa\u00f1ado por los ministros Roberto Falistocco, Daniel Erbetta, Jorge Baclini, Rub\u00e9n Weder y la ministra Margarita Zabalza.<\/span><\/p>\n<p style=\"text-align: justify;\"><span style=\"font-size: 120%; color: #000000;\">Tras la inauguraci\u00f3n, las autoridades realizaron una recorrida por las salas de audiencias penales, donde se exhibieron los avances y el funcionamiento de la plataforma luego de su primera semana de implementaci\u00f3n en el distrito judicial con asiento en San Lorenzo.<\/span><\/p>\n<p style=\"text-align: justify;\">\n<div class=\"gsp_post_data\" data-post_type=\"comunicado_de_prensa\" data-cat=\"comunicados-de-prensa\" data-modified=\"120\" data-title=\"La Justicia santafesina present\u00f3 la Plataforma Alberdi en San Lorenzo\" data-home=\"https:\/\/www.justiciasantafe.gov.ar\"><\/div>","protected":false},"excerpt":{"rendered":"<p>Del acto participaron los ministros de la Corte Suprema, el Gobernador Pullaro y el intendente local. <\/p>\n","protected":false},"author":50,"featured_media":66176,"template":"","format":"standard","meta":{"_acf_changed":false,"footnotes":""},"categories":[22],"tags":[3128,4108],"class_list":["post-66151","comunicado_de_prensa","type-comunicado_de_prensa","status-publish","format-standard","has-post-thumbnail","hentry","category-comunicados-de-prensa","tag-bannerhome","tag-novedades"],"acf":{"i2t_anio":2026,"i2t_id_historico":"","i2t_autor_historico":""},"_links":{"self":[{"href":"https:\/\/www.justiciasantafe.gov.ar\/index.php\/wp-json\/wp\/v2\/comunicado_de_prensa\/66151","targetHints":{"allow":["GET"]}}],"collection":[{"href":"https:\/\/www.justiciasantafe.gov.ar\/index.php\/wp-json\/wp\/v2\/comunicado_de_prensa"}],"about":[{"href":"https:\/\/www.justiciasantafe.gov.ar\/index.php\/wp-json\/wp\/v2\/types\/comunicado_de_prensa"}],"author":[{"embeddable":true,"href":"https:\/\/www.justiciasantafe.gov.ar\/index.php\/wp-json\/wp\/v2\/users\/50"}],"version-history":[{"count":7,"href":"https:\/\/www.justiciasantafe.gov.ar\/index.php\/wp-json\/wp\/v2\/comunicado_de_prensa\/66151\/revisions"}],"predecessor-version":[{"id":66197,"href":"https:\/\/www.justiciasantafe.gov.ar\/index.php\/wp-json\/wp\/v2\/comunicado_de_prensa\/66151\/revisions\/66197"}],"wp:featuredmedia":[{"embeddable":true,"href":"https:\/\/www.justiciasantafe.gov.ar\/index.php\/wp-json\/wp\/v2\/media\/66176"}],"wp:attachment":[{"href":"https:\/\/www.justiciasantafe.gov.ar\/index.php\/wp-json\/wp\/v2\/media?parent=66151"}],"wp:term":[{"taxonomy":"category","embeddable":true,"href":"https:\/\/www.justiciasantafe.gov.ar\/index.php\/wp-json\/wp\/v2\/categories?post=66151"},{"taxonomy":"post_tag","embeddable":true,"href":"https:\/\/www.justiciasantafe.gov.ar\/index.php\/wp-json\/wp\/v2\/tags?post=66151"}],"curies":[{"name":"wp","href":"https:\/\/api.w.org\/{rel}","templated":true}]}}