 {"id":66198,"date":"2026-04-24T11:18:41","date_gmt":"2026-04-24T14:18:41","guid":{"rendered":"https:\/\/www.justiciasantafe.gov.ar\/?post_type=comunicado_de_prensa&#038;p=66198"},"modified":"2026-04-24T11:22:13","modified_gmt":"2026-04-24T14:22:13","slug":"la-corte-suprema-recibio-a-legisladores","status":"publish","type":"comunicado_de_prensa","link":"https:\/\/www.justiciasantafe.gov.ar\/index.php\/comunicado_de_prensa\/la-corte-suprema-recibio-a-legisladores\/","title":{"rendered":"La Corte Suprema recibi\u00f3 a Senadores y Diputados"},"content":{"rendered":"<div class=\"pdfprnt-buttons pdfprnt-buttons-comunicado_de_prensa pdfprnt-top-right\"><a href=\"https:\/\/www.justiciasantafe.gov.ar\/index.php\/wp-json\/wp\/v2\/comunicado_de_prensa\/66198?print=pdf\" class=\"pdfprnt-button pdfprnt-button-pdf\" target=\"_blank\"><img decoding=\"async\" src=\"https:\/\/www.justiciasantafe.gov.ar\/wp-content\/plugins\/pdf-print-pro\/images\/pdf.png?357112440\" alt=\"image_pdf\" title=\"Ver PDF\" \/><\/a><a href=\"https:\/\/www.justiciasantafe.gov.ar\/index.php\/wp-json\/wp\/v2\/comunicado_de_prensa\/66198?print=print\" class=\"pdfprnt-button pdfprnt-button-print\" target=\"_blank\"><img decoding=\"async\" src=\"https:\/\/www.justiciasantafe.gov.ar\/wp-content\/plugins\/pdf-print-pro\/images\/print.png?1674575983\" alt=\"image_print\" title=\"Imprimir contenido\" \/><\/a><\/div><h4 lang=\"es-AR\" align=\"JUSTIFY\"><span style=\"font-size: 120%; color: #000000;\"><span style=\"font-family: Cambria, serif;\"><b>Se analizaron las implicancias del proyecto en relaci\u00f3n al impacto que producir\u00eda la reforma legislativa ante el notable incremento de la litigiosidad laboral existente.<\/b><\/span><\/span><\/h4>\n<h4 lang=\"es-AR\" align=\"JUSTIFY\"><span style=\"font-size: 120%; color: #000000;\"><span style=\"font-family: Cambria, serif;\">La Corte Suprema de Justicia de Santa Fe, presidida por el Dr. Rafael Guti\u00e9rrez e integrada por los ministros Roberto Falistocco, Daniel Erbetta, Jorge Baclini, Rub\u00e9n Weder y la ministra Margarita Zabalza, mantuvo esta ma\u00f1ana un encuentro con senadores y diputados provinciales para analizar el proyecto de reforma de la Ley de Riesgos de Trabajo, entre otros. <\/span><\/span><\/h4>\n<h4 lang=\"es-AR\" align=\"JUSTIFY\"><span style=\"font-size: 120%; color: #000000;\"><span style=\"font-family: Cambria, serif;\">Durante la reuni\u00f3n se debatieron las implicancias de la iniciativa, especialmente en relaci\u00f3n al impacto que podr\u00eda tener sobre el incremento de la litigiosidad laboral existente.<\/span><\/span><\/h4>\n<h4 lang=\"es-AR\" align=\"JUSTIFY\"><span style=\"font-size: 120%; color: #000000;\"><span style=\"font-family: Cambria, serif;\"><br \/>\n<i><u><b>Participaci\u00f3n legislativa<\/b><\/u><\/i><\/span><\/span><\/h4>\n<h4 lang=\"es-AR\" align=\"JUSTIFY\"><span style=\"font-size: 120%; color: #000000;\"><span style=\"font-family: Cambria, serif;\">La comitiva estuvo encabezada por el presidente provisional del Senado, Felipe Michlig, y el diputado Jos\u00e9 Corral. Tambi\u00e9n participaron los senadores Pablo Verdecchia, Alcides Calvo, Leticia Di Gregorio, Rodrigo Borla, Esteban Motta, Armando Traferri, Ciro Seisas, Leonardo Diana, Germ\u00e1n Giaccomino y Eduardo Rosconi, adem\u00e1s del diputado Mart\u00edn Ros\u00faa.<\/span><\/span><\/h4>\n<h4 lang=\"es-AR\" align=\"JUSTIFY\"><span style=\"font-size: 120%; color: #000000;\"><span style=\"font-family: Cambria, serif;\"><i><u><b>Posici\u00f3n de la Corte<\/b><\/u><\/i><\/span><\/span><\/h4>\n<h4 lang=\"es-AR\" align=\"JUSTIFY\"><span style=\"font-size: 120%; color: #000000;\"><span style=\"font-family: Cambria, serif;\">La Corte Suprema dej\u00f3 planteada su postura respecto a la reforma, que ya cuenta con el aval de la C\u00e1mara de Diputados y se encamina a ser tratada en la C\u00e1mara Alta provincial.<\/span><\/span><\/h4>\n<h4 lang=\"es-AR\" align=\"JUSTIFY\"><span style=\"font-size: 120%; color: #000000;\"><span style=\"font-family: Cambria, serif;\"><i><u><b>Valoraci\u00f3n del di\u00e1logo<\/b><\/u><\/i><\/span><\/span><\/h4>\n<h4 lang=\"es-AR\" align=\"JUSTIFY\"><span style=\"font-size: 120%; color: #000000;\"><span style=\"font-family: Cambria, serif;\">Los representantes legislativos destacaron la instancia de di\u00e1logo como una oportunidad para fortalecer la institucionalidad en la provincia. M\u00e1s all\u00e1 de matices y diferencias sobre el proyecto, coincidieron en continuar trabajando en conjunto para robustecer el fuero laboral santafesino frente al aumento incesante de la litigiosidad.<\/span><\/span><\/h4>\n<h4 lang=\"es-AR\" align=\"JUSTIFY\"><span style=\"font-size: 120%; color: #000000;\"><span style=\"font-family: Cambria, serif;\"><i><u><b>Sobre el proyecto de Ley<\/b><\/u><\/i><\/span><\/span><\/h4>\n<h4 lang=\"es-AR\" align=\"JUSTIFY\"><span style=\"font-size: 120%; color: #000000;\"><span style=\"font-family: Cambria, serif;\">Alcances normativos del proyecto de ley con media sanci\u00f3n de la C\u00e1mara de Diputados: <\/span><\/span><\/h4>\n<h4 lang=\"es-AR\" align=\"JUSTIFY\"><span style=\"font-size: 120%; color: #000000;\"><span style=\"font-family: Cambria, serif;\">-Modificar la Ley N\u00b0 7945 (C\u00f3digo Procesal Laboral de Santa Fe).<br \/>\n-Adherir a la Ley Nacional N\u00b0 27.348 (Riesgos del Trabajo), que establece una instancia administrativa previa a los juicios laborales.<\/span><\/span><\/h4>\n<h4 lang=\"es-AR\" align=\"JUSTIFY\"><span style=\"font-size: 120%; color: #000000;\"><span style=\"font-family: Cambria, serif;\">-Objetivos explicitados por los autores del proyecto: disminuir la litigiosidad laboral en la provincia; reducir costos empresariales en las al\u00edcuotas de ART; actualizar el marco normativo para equiparar a Santa Fe con otras provincias ya adheridas, entre otros. <\/span><\/span><\/h4>\n<h4 lang=\"es-AR\" align=\"JUSTIFY\"><span style=\"font-size: 120%; color: #000000;\"><span style=\"font-family: Cambria, serif;\">Santa Fe, 23 de abril de 2026<\/span><\/span><\/h4>\n<h4 lang=\"es-ES\" align=\"JUSTIFY\"><span style=\"font-size: 120%; color: #000000;\"><span style=\"font-family: Cambria, serif;\">\u00a0<\/span><\/span><\/h4>\n<div class=\"gsp_post_data\" data-post_type=\"comunicado_de_prensa\" data-cat=\"comunicados-de-prensa\" data-modified=\"120\" data-title=\"La Corte Suprema recibi\u00f3 a Senadores y Diputados\" data-home=\"https:\/\/www.justiciasantafe.gov.ar\"><\/div>","protected":false},"excerpt":{"rendered":"<p>La reuni\u00f3n tuvo como principal motivo la reforma a la Ley de Riesgos de Trabajo y al C\u00f3digo Procesal Laboral<\/p>\n","protected":false},"author":50,"featured_media":66213,"template":"","format":"standard","meta":{"_acf_changed":false,"footnotes":""},"categories":[22],"tags":[4108],"class_list":["post-66198","comunicado_de_prensa","type-comunicado_de_prensa","status-publish","format-standard","has-post-thumbnail","hentry","category-comunicados-de-prensa","tag-novedades"],"acf":{"i2t_anio":2026,"i2t_id_historico":"","i2t_autor_historico":""},"_links":{"self":[{"href":"https:\/\/www.justiciasantafe.gov.ar\/index.php\/wp-json\/wp\/v2\/comunicado_de_prensa\/66198","targetHints":{"allow":["GET"]}}],"collection":[{"href":"https:\/\/www.justiciasantafe.gov.ar\/index.php\/wp-json\/wp\/v2\/comunicado_de_prensa"}],"about":[{"href":"https:\/\/www.justiciasantafe.gov.ar\/index.php\/wp-json\/wp\/v2\/types\/comunicado_de_prensa"}],"author":[{"embeddable":true,"href":"https:\/\/www.justiciasantafe.gov.ar\/index.php\/wp-json\/wp\/v2\/users\/50"}],"version-history":[{"count":4,"href":"https:\/\/www.justiciasantafe.gov.ar\/index.php\/wp-json\/wp\/v2\/comunicado_de_prensa\/66198\/revisions"}],"predecessor-version":[{"id":66217,"href":"https:\/\/www.justiciasantafe.gov.ar\/index.php\/wp-json\/wp\/v2\/comunicado_de_prensa\/66198\/revisions\/66217"}],"wp:featuredmedia":[{"embeddable":true,"href":"https:\/\/www.justiciasantafe.gov.ar\/index.php\/wp-json\/wp\/v2\/media\/66213"}],"wp:attachment":[{"href":"https:\/\/www.justiciasantafe.gov.ar\/index.php\/wp-json\/wp\/v2\/media?parent=66198"}],"wp:term":[{"taxonomy":"category","embeddable":true,"href":"https:\/\/www.justiciasantafe.gov.ar\/index.php\/wp-json\/wp\/v2\/categories?post=66198"},{"taxonomy":"post_tag","embeddable":true,"href":"https:\/\/www.justiciasantafe.gov.ar\/index.php\/wp-json\/wp\/v2\/tags?post=66198"}],"curies":[{"name":"wp","href":"https:\/\/api.w.org\/{rel}","templated":true}]}}