 {"id":74460,"date":"2026-08-28T12:57:10","date_gmt":"2026-08-28T15:57:10","guid":{"rendered":"https:\/\/www.justiciasantafe.gov.ar\/?post_type=comunicado_de_prensa&#038;p=74460"},"modified":"2026-08-28T12:57:34","modified_gmt":"2026-08-28T15:57:34","slug":"llamado-a-concurso-2","status":"publish","type":"comunicado_de_prensa","link":"https:\/\/www.justiciasantafe.gov.ar\/index.php\/comunicado_de_prensa\/llamado-a-concurso-2\/","title":{"rendered":"Llamado a Concurso"},"content":{"rendered":"<div class=\"pdfprnt-buttons pdfprnt-buttons-comunicado_de_prensa pdfprnt-top-right\"><a href=\"https:\/\/www.justiciasantafe.gov.ar\/index.php\/wp-json\/wp\/v2\/comunicado_de_prensa\/74460?print=pdf\" class=\"pdfprnt-button pdfprnt-button-pdf\" target=\"_blank\"><img decoding=\"async\" src=\"https:\/\/www.justiciasantafe.gov.ar\/wp-content\/plugins\/pdf-print-pro\/images\/pdf.png\" alt=\"image_pdf\" title=\"Ver PDF\" \/><\/a><a href=\"https:\/\/www.justiciasantafe.gov.ar\/index.php\/wp-json\/wp\/v2\/comunicado_de_prensa\/74460?print=print\" class=\"pdfprnt-button pdfprnt-button-print\" target=\"_blank\"><img decoding=\"async\" src=\"https:\/\/www.justiciasantafe.gov.ar\/wp-content\/plugins\/pdf-print-pro\/images\/print.png\" alt=\"image_print\" title=\"Imprimir contenido\" \/><\/a><\/div><p class=\"western\" lang=\"es-ES\" align=\"JUSTIFY\"><span style=\"color: #000000;\"><span style=\"font-family: Cambria, serif;\"><span style=\"font-size: medium;\">La Corte Suprema de Justicia hace saber que el pr\u00f3ximo lunes se abrir\u00e1 el per\u00edodo de inscripci\u00f3n para la provisi\u00f3n de: <\/span><\/span><\/span><\/p>\n<ul>\n<li>\n<p class=\"western\" lang=\"es-AR\" align=\"JUSTIFY\"><span style=\"color: #000000;\"><span style=\"font-family: Cambria, serif;\"><span style=\"font-size: medium;\">Un cargo de Perito Judicial Cal\u00edgrafo, con categor\u00eda presupuestaria de Secretario de Primera Instancia de Distrito, para desempe\u00f1arse en los Tribunales de Rosario y en toda otra tarea que la Corte le encomiende, con dedicaci\u00f3n semanal m\u00ednima de 45 horas. <\/span><\/span><\/span><\/p>\n<\/li>\n<\/ul>\n<p class=\"western\" lang=\"es-AR\" align=\"JUSTIFY\"><span style=\"color: #000000;\"><span style=\"font-family: Cambria, serif;\"><span style=\"font-size: medium;\">El concurso ser\u00e1 de car\u00e1cter abierto, de antecedentes y, en su caso, de oposici\u00f3n, y proceder\u00e1 para la cobertura del cargo vacante actual, como as\u00ed tambi\u00e9n de aquellas vacantes que se produzcan durante el per\u00edodo que corresponda al cumplimiento de doce meses a contar desde la fecha en que el resultado del referido concurso resulte definitivo. <\/span><\/span><\/span><\/p>\n<p class=\"western\" lang=\"es-ES\" align=\"JUSTIFY\"><span style=\"color: #000000;\"><span style=\"font-family: Cambria, serif;\"><span style=\"font-size: medium;\">El per\u00edodo de inscripci\u00f3n qued\u00f3 establecido <span lang=\"es-AR\">entre el 31 de agosto y el 11 de septiembre, ambas fechas inclusive, debiendo los interesados en participar, presentar las respectivas solicitudes por ante la Secretar\u00eda Letrada del Cuerpo en Rosario.<\/span><\/span><\/span><\/span><\/p>\n<p class=\"western\" lang=\"es-ES\" align=\"LEFT\"><span style=\"color: #000000;\"><span style=\"font-family: Arimo, sans-serif;\"><span style=\"font-size: medium;\"><span style=\"font-family: Cambria, serif;\">Los requisitos completos y el formulario de inscripci\u00f3n se encuentran disponibles en: <a href=\"http:\/\/www.justiciasantafe.gov.ar\/\">www.justiciasantafe.gov.ar<\/a>.<\/span><\/span><\/span><\/span><\/p>\n<p class=\"western\" lang=\"es-ES\" align=\"LEFT\"><span style=\"color: #000000;\"><span style=\"font-family: Cambria, serif;\"><span style=\"font-size: medium;\">\u00a0<\/span><\/span><\/span><\/p>\n<p class=\"western\" lang=\"es-ES\" align=\"LEFT\"><span style=\"color: #000000;\"><span style=\"font-family: Cambria, serif;\"><span style=\"font-size: medium;\"><b>Oficina de Prensa <\/b><\/span><\/span><\/span><\/p>\n<p class=\"western\" lang=\"es-ES\" align=\"LEFT\"><span style=\"color: #000000;\"><span style=\"font-family: Cambria, serif;\"><span style=\"font-size: medium;\"><b>PODER JUDICIAL DE SANTA FE<\/b><\/span><\/span><\/span><\/p>\n<div class=\"gsp_post_data\" data-post_type=\"comunicado_de_prensa\" data-cat=\"comunicados-de-prensa\" data-modified=\"120\" data-title=\"Llamado a Concurso\" data-home=\"https:\/\/www.justiciasantafe.gov.ar\"><\/div>","protected":false},"excerpt":{"rendered":"<p>El per\u00edodo de inscripci\u00f3n qued\u00f3 establecido entre el 31 de agosto y el 11 de septiembre.<\/p>\n","protected":false},"author":170,"featured_media":74475,"template":"","format":"standard","meta":{"_acf_changed":false,"footnotes":""},"categories":[22],"tags":[],"class_list":["post-74460","comunicado_de_prensa","type-comunicado_de_prensa","status-publish","format-standard","has-post-thumbnail","hentry","category-comunicados-de-prensa"],"acf":{"i2t_anio":2026,"i2t_id_historico":"","i2t_autor_historico":""},"_links":{"self":[{"href":"https:\/\/www.justiciasantafe.gov.ar\/index.php\/wp-json\/wp\/v2\/comunicado_de_prensa\/74460","targetHints":{"allow":["GET"]}}],"collection":[{"href":"https:\/\/www.justiciasantafe.gov.ar\/index.php\/wp-json\/wp\/v2\/comunicado_de_prensa"}],"about":[{"href":"https:\/\/www.justiciasantafe.gov.ar\/index.php\/wp-json\/wp\/v2\/types\/comunicado_de_prensa"}],"author":[{"embeddable":true,"href":"https:\/\/www.justiciasantafe.gov.ar\/index.php\/wp-json\/wp\/v2\/users\/170"}],"version-history":[{"count":3,"href":"https:\/\/www.justiciasantafe.gov.ar\/index.php\/wp-json\/wp\/v2\/comunicado_de_prensa\/74460\/revisions"}],"predecessor-version":[{"id":74476,"href":"https:\/\/www.justiciasantafe.gov.ar\/index.php\/wp-json\/wp\/v2\/comunicado_de_prensa\/74460\/revisions\/74476"}],"wp:featuredmedia":[{"embeddable":true,"href":"https:\/\/www.justiciasantafe.gov.ar\/index.php\/wp-json\/wp\/v2\/media\/74475"}],"wp:attachment":[{"href":"https:\/\/www.justiciasantafe.gov.ar\/index.php\/wp-json\/wp\/v2\/media?parent=74460"}],"wp:term":[{"taxonomy":"category","embeddable":true,"href":"https:\/\/www.justiciasantafe.gov.ar\/index.php\/wp-json\/wp\/v2\/categories?post=74460"},{"taxonomy":"post_tag","embeddable":true,"href":"https:\/\/www.justiciasantafe.gov.ar\/index.php\/wp-json\/wp\/v2\/tags?post=74460"}],"curies":[{"name":"wp","href":"https:\/\/api.w.org\/{rel}","templated":true}]}}