 {"id":74469,"date":"2026-08-31T07:49:36","date_gmt":"2026-08-31T10:49:36","guid":{"rendered":"https:\/\/www.justiciasantafe.gov.ar\/?post_type=comunicado_de_prensa&#038;p=74469"},"modified":"2026-08-31T08:15:29","modified_gmt":"2026-08-31T11:15:29","slug":"causa-expreso-brio-s-r-l","status":"publish","type":"comunicado_de_prensa","link":"https:\/\/www.justiciasantafe.gov.ar\/index.php\/comunicado_de_prensa\/causa-expreso-brio-s-r-l\/","title":{"rendered":"CAUSA EXPRESO BR\u00cdO S.R.L."},"content":{"rendered":"<div class=\"pdfprnt-buttons pdfprnt-buttons-comunicado_de_prensa pdfprnt-top-right\"><a href=\"https:\/\/www.justiciasantafe.gov.ar\/index.php\/wp-json\/wp\/v2\/comunicado_de_prensa\/74469?print=pdf\" class=\"pdfprnt-button pdfprnt-button-pdf\" target=\"_blank\"><img decoding=\"async\" src=\"https:\/\/www.justiciasantafe.gov.ar\/wp-content\/plugins\/pdf-print-pro\/images\/pdf.png\" alt=\"image_pdf\" title=\"Ver PDF\" \/><\/a><a href=\"https:\/\/www.justiciasantafe.gov.ar\/index.php\/wp-json\/wp\/v2\/comunicado_de_prensa\/74469?print=print\" class=\"pdfprnt-button pdfprnt-button-print\" target=\"_blank\"><img decoding=\"async\" src=\"https:\/\/www.justiciasantafe.gov.ar\/wp-content\/plugins\/pdf-print-pro\/images\/print.png\" alt=\"image_print\" title=\"Imprimir contenido\" \/><\/a><\/div><p lang=\"es-ES\" align=\"JUSTIFY\"><span style=\"color: #000000;\"><span style=\"font-family: Cambria, serif;\"><span style=\"font-size: medium;\">Disposiciones de inter\u00e9s respecto a la <b>Apertura del Concurso Preventivo<\/b> de la <span style=\"font-family: LiberationSerif, serif;\">firma <\/span><span style=\"font-family: LiberationSerif, serif;\"><b>\u201cEXPRESO BR\u00cdO S.R.L.\u201d<\/b><\/span><span style=\"font-family: LiberationSerif, serif;\">, de t<\/span>r\u00e1mite ante el Juzgado en lo Civil y Comercial de la 9na. Nominaci\u00f3n de los Tribunales de Rosario a cargo de la Dra. Mar\u00eda Fabiana Genesio (\u201cEXPRESO BRIO SRL S\/ CONCURSO PREVENTIVO\u201d \u2013 CUIJ N\u00b0 <b>21-03010664-1<\/b> \u2013 Clave de Acceso P\u00fablica para terceros: 4041).<\/span><\/span><\/span><\/p>\n<p lang=\"es-ES\" align=\"JUSTIFY\"><span style=\"color: #000000;\"><span style=\"font-family: Cambria, serif;\"><span style=\"font-size: medium;\"><b>NOVEDADES: 28\/08\/2026<\/b><\/span><\/span><\/span><\/p>\n<ul>\n<li>\n<p lang=\"es-ES\" align=\"JUSTIFY\"><span style=\"color: #000000;\"><span style=\"font-family: Cambria, serif;\"><span style=\"font-size: medium;\">Se hace saber que se ha dictado sentencia de apertura n\u00b0521, de fecha 27\/08\/2026, <a href=\"https:\/\/www.justiciasantafe.gov.ar\/wp-content\/uploads\/2026\/08\/270826-Apertura-de-concurso-Sent.-521-2026-Expreso-Brio-SRL-1.pdf\" target=\"\" rel=\"attachment wp-att-74482\">disponible aqu\u00ed.<\/a><br \/>\n<\/span><\/span><\/span><\/p>\n<\/li>\n<li>\n<p lang=\"es-ES\" align=\"JUSTIFY\"><span style=\"color: #000000;\"><span style=\"font-family: Cambria, serif;\"><span style=\"font-size: medium;\">Que en fecha 02.09.2026 se proceder\u00e1 al sorteo de sindicatura plural, Categor\u00eda \u201cA\u201d, a realizarse en la Presidencia de la C\u00e1mara de Apelaci\u00f3n en lo Civil y Comercial de Rosario. <\/span><\/span><\/span><\/p>\n<\/li>\n<li>\n<p lang=\"es-ES\" align=\"JUSTIFY\"><span style=\"color: #000000;\"><span style=\"font-family: Cambria, serif;\"><span style=\"font-size: medium;\">Que las fechas hasta la cual los acreedores deber\u00e1n presentar sus pedidos de verificaci\u00f3n de cr\u00e9ditos ante la sindicatura, de los informes individual y general, de la audiencia informativa y del vencimiento del per\u00edodo de exclusividad, se fijar\u00e1n inmediatamente de aceptado el cargo por la sindicatura designada.<\/span><\/span><\/span><\/p>\n<\/li>\n<\/ul>\n<p class=\"western\" lang=\"es-ES\" align=\"LEFT\"><span style=\"color: #000000;\"><span style=\"font-family: Cambria, serif;\"><span style=\"font-size: medium;\"><b>Oficina de Prensa <\/b><\/span><\/span><\/span><\/p>\n<p class=\"western\" lang=\"es-ES\" align=\"LEFT\"><span style=\"color: #000000;\"><span style=\"font-family: Cambria, serif;\"><span style=\"font-size: medium;\"><b>PODER JUDICIAL DE SANTA FE<\/b><\/span><\/span><\/span><\/p>\n<div class=\"gsp_post_data\" data-post_type=\"comunicado_de_prensa\" data-cat=\"comunicados-de-prensa\" data-modified=\"120\" data-title=\"CAUSA EXPRESO BR\u00cdO S.R.L.\" data-home=\"https:\/\/www.justiciasantafe.gov.ar\"><\/div>","protected":false},"excerpt":{"rendered":"[Novedades al 28\/08\/2026]\n","protected":false},"author":170,"featured_media":74483,"template":"","format":"standard","meta":{"_acf_changed":false,"footnotes":""},"categories":[22],"tags":[4108],"class_list":["post-74469","comunicado_de_prensa","type-comunicado_de_prensa","status-publish","format-standard","has-post-thumbnail","hentry","category-comunicados-de-prensa","tag-novedades"],"acf":{"i2t_anio":2026,"i2t_id_historico":"","i2t_autor_historico":""},"_links":{"self":[{"href":"https:\/\/www.justiciasantafe.gov.ar\/index.php\/wp-json\/wp\/v2\/comunicado_de_prensa\/74469","targetHints":{"allow":["GET"]}}],"collection":[{"href":"https:\/\/www.justiciasantafe.gov.ar\/index.php\/wp-json\/wp\/v2\/comunicado_de_prensa"}],"about":[{"href":"https:\/\/www.justiciasantafe.gov.ar\/index.php\/wp-json\/wp\/v2\/types\/comunicado_de_prensa"}],"author":[{"embeddable":true,"href":"https:\/\/www.justiciasantafe.gov.ar\/index.php\/wp-json\/wp\/v2\/users\/170"}],"version-history":[{"count":4,"href":"https:\/\/www.justiciasantafe.gov.ar\/index.php\/wp-json\/wp\/v2\/comunicado_de_prensa\/74469\/revisions"}],"predecessor-version":[{"id":74512,"href":"https:\/\/www.justiciasantafe.gov.ar\/index.php\/wp-json\/wp\/v2\/comunicado_de_prensa\/74469\/revisions\/74512"}],"wp:featuredmedia":[{"embeddable":true,"href":"https:\/\/www.justiciasantafe.gov.ar\/index.php\/wp-json\/wp\/v2\/media\/74483"}],"wp:attachment":[{"href":"https:\/\/www.justiciasantafe.gov.ar\/index.php\/wp-json\/wp\/v2\/media?parent=74469"}],"wp:term":[{"taxonomy":"category","embeddable":true,"href":"https:\/\/www.justiciasantafe.gov.ar\/index.php\/wp-json\/wp\/v2\/categories?post=74469"},{"taxonomy":"post_tag","embeddable":true,"href":"https:\/\/www.justiciasantafe.gov.ar\/index.php\/wp-json\/wp\/v2\/tags?post=74469"}],"curies":[{"name":"wp","href":"https:\/\/api.w.org\/{rel}","templated":true}]}}