 {"id":74725,"date":"2026-09-02T12:33:45","date_gmt":"2026-09-02T15:33:45","guid":{"rendered":"https:\/\/www.justiciasantafe.gov.ar\/?post_type=comunicado_de_prensa&#038;p=74725"},"modified":"2026-09-02T12:38:35","modified_gmt":"2026-09-02T15:38:35","slug":"capacitacion-judicial-una-jornada-conjunta-reunio-a-cursantes-de-magistratura-y-periodismo-judicial","status":"publish","type":"comunicado_de_prensa","link":"https:\/\/www.justiciasantafe.gov.ar\/index.php\/comunicado_de_prensa\/capacitacion-judicial-una-jornada-conjunta-reunio-a-cursantes-de-magistratura-y-periodismo-judicial\/","title":{"rendered":"Capacitaci\u00f3n judicial: una jornada conjunta reuni\u00f3 a cursantes de Magistratura y Periodismo Judicial"},"content":{"rendered":"<div class=\"pdfprnt-buttons pdfprnt-buttons-comunicado_de_prensa pdfprnt-top-right\"><a href=\"https:\/\/www.justiciasantafe.gov.ar\/index.php\/wp-json\/wp\/v2\/comunicado_de_prensa\/74725?print=pdf\" class=\"pdfprnt-button pdfprnt-button-pdf\" target=\"_blank\"><img decoding=\"async\" src=\"https:\/\/www.justiciasantafe.gov.ar\/wp-content\/plugins\/pdf-print-pro\/images\/pdf.png\" alt=\"image_pdf\" title=\"Ver PDF\" \/><\/a><a href=\"https:\/\/www.justiciasantafe.gov.ar\/index.php\/wp-json\/wp\/v2\/comunicado_de_prensa\/74725?print=print\" class=\"pdfprnt-button pdfprnt-button-print\" target=\"_blank\"><img decoding=\"async\" src=\"https:\/\/www.justiciasantafe.gov.ar\/wp-content\/plugins\/pdf-print-pro\/images\/print.png\" alt=\"image_print\" title=\"Imprimir contenido\" \/><\/a><\/div><p><span style=\"font-size: 100%; color: #000000;\"><em><strong><span style=\"font-family: Cambria, serif;\">En la tarde de ayer se desarroll\u00f3 una jornada conjunta en el marco de los Cursos Anuales de Magistratura y Periodismo Judicial, instancia que reuni\u00f3 a estudiantes, funcionarios y magistrados en el Sal\u00f3n de Actos de la Corte Suprema de Justicia en Santa Fe.<\/span><\/strong><\/em><\/span><\/p>\n<h1 class=\"western\" lang=\"es-ES\" style=\"text-align: justify;\" align=\"JUSTIFY\"><span style=\"color: #000000; font-size: 100%;\"><span style=\"font-family: Cambria, serif;\">La actividad estuvo a cargo de la Dra. Anal\u00eda Reyes, abogada (UNLP), profesora universitaria y Jueza de Tribunal en lo Criminal del Poder Judicial de la Provincia de Buenos Aires, quien ofreci\u00f3 la conferencia <b>\u201cJuicios Populares: instrucciones al jurado con perspectiva de g\u00e9nero\u201d<\/b>. Su exposici\u00f3n abord\u00f3 los desaf\u00edos actuales en la construcci\u00f3n de instrucciones claras, accesibles y sensibles a las desigualdades de g\u00e9nero dentro del sistema de jurados.<\/span><\/span><\/h1>\n<h1 class=\"western\" lang=\"es-ES\" style=\"text-align: justify;\" align=\"JUSTIFY\"><span style=\"color: #000000; font-size: 100%;\"><span style=\"font-family: Cambria, serif;\">El encuentro cont\u00f3 con la participaci\u00f3n del Director del Centro de Capacitaci\u00f3n Judicial, Dr. Nicol\u00e1s Falkenberg, adem\u00e1s de jueces, juezas, funcionarios y funcionarias del fuero penal, junto a cursantes de ambas propuestas formativas.<\/span><\/span><\/h1>\n<h1 class=\"western\" lang=\"es-ES\" style=\"text-align: justify;\" align=\"JUSTIFY\"><span style=\"color: #000000; font-size: 100%;\"><span style=\"font-family: Cambria, serif;\">La jornada se extendi\u00f3 de 16.30 a 19.30 y permiti\u00f3 un intercambio activo entre la disertante y los asistentes, consolidando un espacio de reflexi\u00f3n sobre pr\u00e1cticas judiciales contempor\u00e1neas y el rol de la comunicaci\u00f3n en los procesos penales.<\/span><\/span><\/h1>\n<p>&nbsp;<\/p>\n<p><span style=\"font-family: Times New Roman, serif; font-size: 100%; color: #000000;\"><b><span style=\"font-family: Cambria, serif;\"><span lang=\"es-ES\">Oficina de Prensa <\/span><\/span><\/b><\/span><\/p>\n<p><span style=\"color: #000000; font-size: 100%;\"><span style=\"font-family: Cambria, serif;\"><b>PODER JUDICIAL DE SANTA FE<\/b><\/span><\/span><\/p>\n<div class=\"gsp_post_data\" data-post_type=\"comunicado_de_prensa\" data-cat=\"comunicados-de-prensa\" data-modified=\"120\" data-title=\"Capacitaci\u00f3n judicial: una jornada conjunta reuni\u00f3 a cursantes de Magistratura y Periodismo Judicial\" data-home=\"https:\/\/www.justiciasantafe.gov.ar\"><\/div>","protected":false},"excerpt":{"rendered":"<p>La actividad estuvo a cargo de la Dra. Anal\u00eda Reyes qui\u00e9n expuso sobre \u201cJuicios Populares: instrucciones al jurado con perspectiva de g\u00e9nero\u201d.<\/p>\n","protected":false},"author":50,"featured_media":74754,"template":"","format":"standard","meta":{"_acf_changed":false,"footnotes":""},"categories":[22],"tags":[4108],"class_list":["post-74725","comunicado_de_prensa","type-comunicado_de_prensa","status-publish","format-standard","has-post-thumbnail","hentry","category-comunicados-de-prensa","tag-novedades"],"acf":{"i2t_anio":2026,"i2t_id_historico":"","i2t_autor_historico":""},"_links":{"self":[{"href":"https:\/\/www.justiciasantafe.gov.ar\/index.php\/wp-json\/wp\/v2\/comunicado_de_prensa\/74725","targetHints":{"allow":["GET"]}}],"collection":[{"href":"https:\/\/www.justiciasantafe.gov.ar\/index.php\/wp-json\/wp\/v2\/comunicado_de_prensa"}],"about":[{"href":"https:\/\/www.justiciasantafe.gov.ar\/index.php\/wp-json\/wp\/v2\/types\/comunicado_de_prensa"}],"author":[{"embeddable":true,"href":"https:\/\/www.justiciasantafe.gov.ar\/index.php\/wp-json\/wp\/v2\/users\/50"}],"version-history":[{"count":3,"href":"https:\/\/www.justiciasantafe.gov.ar\/index.php\/wp-json\/wp\/v2\/comunicado_de_prensa\/74725\/revisions"}],"predecessor-version":[{"id":74753,"href":"https:\/\/www.justiciasantafe.gov.ar\/index.php\/wp-json\/wp\/v2\/comunicado_de_prensa\/74725\/revisions\/74753"}],"wp:featuredmedia":[{"embeddable":true,"href":"https:\/\/www.justiciasantafe.gov.ar\/index.php\/wp-json\/wp\/v2\/media\/74754"}],"wp:attachment":[{"href":"https:\/\/www.justiciasantafe.gov.ar\/index.php\/wp-json\/wp\/v2\/media?parent=74725"}],"wp:term":[{"taxonomy":"category","embeddable":true,"href":"https:\/\/www.justiciasantafe.gov.ar\/index.php\/wp-json\/wp\/v2\/categories?post=74725"},{"taxonomy":"post_tag","embeddable":true,"href":"https:\/\/www.justiciasantafe.gov.ar\/index.php\/wp-json\/wp\/v2\/tags?post=74725"}],"curies":[{"name":"wp","href":"https:\/\/api.w.org\/{rel}","templated":true}]}}