 {"id":74738,"date":"2026-09-02T13:14:27","date_gmt":"2026-09-02T16:14:27","guid":{"rendered":"https:\/\/www.justiciasantafe.gov.ar\/?post_type=comunicado_de_prensa&#038;p=74738"},"modified":"2026-09-02T13:15:16","modified_gmt":"2026-09-02T16:15:16","slug":"la-corte-suprema-tomo-juramento-a-funcionarios-as-para-santa-fe-esperanza-reconquista-villa-ocampo-y-vera","status":"publish","type":"comunicado_de_prensa","link":"https:\/\/www.justiciasantafe.gov.ar\/index.php\/comunicado_de_prensa\/la-corte-suprema-tomo-juramento-a-funcionarios-as-para-santa-fe-esperanza-reconquista-villa-ocampo-y-vera\/","title":{"rendered":"La Corte Suprema tom\u00f3 juramento  a funcionarios\/as  para Santa Fe, Esperanza, Reconquista, Villa Ocampo y Vera"},"content":{"rendered":"<div class=\"pdfprnt-buttons pdfprnt-buttons-comunicado_de_prensa pdfprnt-top-right\"><a href=\"https:\/\/www.justiciasantafe.gov.ar\/index.php\/wp-json\/wp\/v2\/comunicado_de_prensa\/74738?print=pdf\" class=\"pdfprnt-button pdfprnt-button-pdf\" target=\"_blank\"><img decoding=\"async\" src=\"https:\/\/www.justiciasantafe.gov.ar\/wp-content\/plugins\/pdf-print-pro\/images\/pdf.png\" alt=\"image_pdf\" title=\"Ver PDF\" \/><\/a><a href=\"https:\/\/www.justiciasantafe.gov.ar\/index.php\/wp-json\/wp\/v2\/comunicado_de_prensa\/74738?print=print\" class=\"pdfprnt-button pdfprnt-button-print\" target=\"_blank\"><img decoding=\"async\" src=\"https:\/\/www.justiciasantafe.gov.ar\/wp-content\/plugins\/pdf-print-pro\/images\/print.png\" alt=\"image_print\" title=\"Imprimir contenido\" \/><\/a><\/div><p style=\"text-align: justify;\" align=\"JUSTIFY\"><span style=\"color: #000000; font-size: 100%;\"><span style=\"font-family: Cambria, serif;\"><span lang=\"es-AR\">Esta ma\u00f1ana, la Corte Suprema de Justicia -integrada por su presidente Rafael Guti\u00e9rrez y el ministro Rub\u00e9n Weder- tom\u00f3 juramento a nuevos funcionarios\/as para el Poder Judicial de Santa Fe.<\/span><\/span><\/span><\/p>\n<p style=\"text-align: justify;\" align=\"JUSTIFY\"><span style=\"font-size: 100%; color: #000000;\"><span style=\"font-family: Cambria, serif;\"><span lang=\"es-AR\">Se trata de la <\/span><\/span><span style=\"font-family: Cambria, serif;\"><span lang=\"es-AR\"><b>Dra. Mar\u00eda Emma Freyre<\/b><\/span><\/span><span style=\"font-family: Cambria, serif;\"><span lang=\"es-AR\">,<\/span><\/span><b> <\/b><span style=\"font-family: Cambria, serif;\"><span lang=\"es-AR\">como Secretaria de Primera Instancia de Distrito para los Tribunales de Santa Fe<\/span><\/span><span style=\"font-family: Cambria, serif;\"><span lang=\"es-AR\">; del <\/span><\/span><span style=\"font-family: Cambria, serif;\"><span lang=\"es-AR\"><b>Dr. Leonardo Mart\u00edn Crist\u00f3foli<\/b><\/span><\/span><span style=\"font-family: Cambria, serif;\"><span lang=\"es-AR\">,<\/span><\/span><b> <\/b><span style=\"font-family: Cambria, serif;\"><span lang=\"es-AR\">como Jefe de Unidad para la Oficina de Gesti\u00f3n Judicial de Primera Instancia de Distrito en los Tribunales de Santa Fe; la <\/span><\/span><span style=\"font-family: Cambria, serif;\"><span lang=\"es-AR\"><b>Dra. Mar\u00eda Gabriela Simonetti<\/b><\/span><\/span><span style=\"font-family: Cambria, serif;\"><span lang=\"es-AR\">, como Jefa de Unidad para la Oficina de Gesti\u00f3n Judicial de Segunda Instancia de Distrito en los Tribunales de Santa Fe; el <\/span><\/span><span style=\"font-family: Cambria, serif;\"><span lang=\"es-AR\"><b>Dr. Cristian Andr\u00e9s Mudry<\/b><\/span><\/span><span style=\"font-family: Cambria, serif;\"><span lang=\"es-AR\">, como Defensor General para los Tribunales de Vera; y la <\/span><\/span><span style=\"font-family: Cambria, serif;\"><span lang=\"es-AR\"><b>Dra<\/b><\/span><\/span><span style=\"font-family: Cambria, serif;\"><span lang=\"es-AR\">. <\/span><\/span><span style=\"font-family: Cambria, serif;\"><span lang=\"es-AR\"><b>Luisina In\u00e9s Zarza<\/b><\/span><\/span><span style=\"font-family: Cambria, serif;\"><span lang=\"es-AR\">, como Defensora General para los Tribunales de Villa Ocampo. <\/span><\/span><\/span><\/p>\n<p style=\"text-align: justify;\" align=\"JUSTIFY\"><span style=\"color: #000000; font-size: 100%;\"><span style=\"font-family: Cambria, serif;\"><span lang=\"es-AR\">El acto se realiz\u00f3 este mi\u00e9rcoles 2 de septiembre, a las 10:30, en el Sal\u00f3n de Actos de la Corte Suprema de Justicia, sito en San Jer\u00f3nimo 1551, 1.\u00ba piso, de la ciudad de Santa Fe.<\/span><\/span><\/span><\/p>\n<p style=\"text-align: justify;\" align=\"JUSTIFY\"><span style=\"color: #000000; font-size: 100%;\"><span style=\"font-family: Cambria, serif;\"><span lang=\"es-AR\">Se hicieron presentes magistrados\/as, funcionarios\/as, familiares y p\u00fablico en general.<\/span><\/span><\/span><\/p>\n<p style=\"text-align: justify;\" align=\"JUSTIFY\"><span style=\"font-size: 100%; color: #000000;\"><span style=\"font-family: Cambria, serif;\"><span lang=\"es-AR\">Ademas, durante el d\u00eda de hoy, prest\u00f3 juramento en los Tribunales de Esperanza <\/span><\/span><span style=\"font-family: Cambria, serif;\"><span lang=\"es-AR\"><b>Mirta Mar\u00eda Colombo<\/b><\/span><\/span><span style=\"font-family: Cambria, serif;\"><span lang=\"es-AR\">, como Oficial de Justicia para los Tribunales de Esperanza; y en los Tribunales de Reconquista, <\/span><\/span><span style=\"font-family: Cambria, serif;\"><span lang=\"es-AR\"><b>Soraya Pamela Baragiola<\/b><\/span><\/span><span style=\"font-family: Cambria, serif;\"><span lang=\"es-AR\">, como Jefa de Unidad para la Oficina de Gesti\u00f3n Judicial de Reconquista. <\/span><\/span><\/span><\/p>\n<p lang=\"es-AR\" style=\"text-align: justify;\" align=\"JUSTIFY\"><span style=\"color: #000000; font-size: 100%;\"><span style=\"font-family: Cambria, serif;\">\u00a0<\/span><\/span><\/p>\n<p lang=\"es-AR\" style=\"text-align: justify;\" align=\"JUSTIFY\"><span style=\"color: #000000; font-size: 100%;\"><span style=\"font-family: Cambria, serif;\"><b>Oficina de Prensa<\/b><\/span><\/span><\/p>\n<p lang=\"es-AR\" style=\"text-align: justify;\" align=\"JUSTIFY\"><span style=\"color: #000000; font-size: 100%;\"><span style=\"font-family: Cambria, serif;\"><b>PODER JUDICIAL DE SANTA FE<\/b><\/span><\/span><\/p>\n<div class=\"gsp_post_data\" data-post_type=\"comunicado_de_prensa\" data-cat=\"comunicados-de-prensa\" data-modified=\"120\" data-title=\"La Corte Suprema tom\u00f3 juramento  a funcionarios\/as  para Santa Fe, Esperanza, Reconquista, Villa Ocampo y Vera\" data-home=\"https:\/\/www.justiciasantafe.gov.ar\"><\/div>","protected":false},"excerpt":{"rendered":"<p>EL acto se llev\u00f3 a cabo esta ma\u00f1ana en los Tribunales de Santa Fe.<\/p>\n","protected":false},"author":170,"featured_media":74769,"template":"","format":"standard","meta":{"_acf_changed":false,"footnotes":""},"categories":[22],"tags":[4108],"class_list":["post-74738","comunicado_de_prensa","type-comunicado_de_prensa","status-publish","format-standard","has-post-thumbnail","hentry","category-comunicados-de-prensa","tag-novedades"],"acf":{"i2t_anio":2026,"i2t_id_historico":"","i2t_autor_historico":""},"_links":{"self":[{"href":"https:\/\/www.justiciasantafe.gov.ar\/index.php\/wp-json\/wp\/v2\/comunicado_de_prensa\/74738","targetHints":{"allow":["GET"]}}],"collection":[{"href":"https:\/\/www.justiciasantafe.gov.ar\/index.php\/wp-json\/wp\/v2\/comunicado_de_prensa"}],"about":[{"href":"https:\/\/www.justiciasantafe.gov.ar\/index.php\/wp-json\/wp\/v2\/types\/comunicado_de_prensa"}],"author":[{"embeddable":true,"href":"https:\/\/www.justiciasantafe.gov.ar\/index.php\/wp-json\/wp\/v2\/users\/170"}],"version-history":[{"count":4,"href":"https:\/\/www.justiciasantafe.gov.ar\/index.php\/wp-json\/wp\/v2\/comunicado_de_prensa\/74738\/revisions"}],"predecessor-version":[{"id":74772,"href":"https:\/\/www.justiciasantafe.gov.ar\/index.php\/wp-json\/wp\/v2\/comunicado_de_prensa\/74738\/revisions\/74772"}],"wp:featuredmedia":[{"embeddable":true,"href":"https:\/\/www.justiciasantafe.gov.ar\/index.php\/wp-json\/wp\/v2\/media\/74769"}],"wp:attachment":[{"href":"https:\/\/www.justiciasantafe.gov.ar\/index.php\/wp-json\/wp\/v2\/media?parent=74738"}],"wp:term":[{"taxonomy":"category","embeddable":true,"href":"https:\/\/www.justiciasantafe.gov.ar\/index.php\/wp-json\/wp\/v2\/categories?post=74738"},{"taxonomy":"post_tag","embeddable":true,"href":"https:\/\/www.justiciasantafe.gov.ar\/index.php\/wp-json\/wp\/v2\/tags?post=74738"}],"curies":[{"name":"wp","href":"https:\/\/api.w.org\/{rel}","templated":true}]}}