 {"id":74873,"date":"2026-09-03T12:30:10","date_gmt":"2026-09-03T15:30:10","guid":{"rendered":"https:\/\/www.justiciasantafe.gov.ar\/?post_type=comunicado_de_prensa&#038;p=74873"},"modified":"2026-09-03T12:32:03","modified_gmt":"2026-09-03T15:32:03","slug":"el-poder-judicial-de-santa-fe-avanza-en-la-digitalizacion-integral-de-la-justicia-penal-en-canada-de-gomez","status":"publish","type":"comunicado_de_prensa","link":"https:\/\/www.justiciasantafe.gov.ar\/index.php\/comunicado_de_prensa\/el-poder-judicial-de-santa-fe-avanza-en-la-digitalizacion-integral-de-la-justicia-penal-en-canada-de-gomez\/","title":{"rendered":"El Poder Judicial de Santa Fe avanza en la Digitalizaci\u00f3n Integral de la Justicia Penal en Ca\u00f1ada de G\u00f3mez"},"content":{"rendered":"<div class=\"pdfprnt-buttons pdfprnt-buttons-comunicado_de_prensa pdfprnt-top-right\"><a href=\"https:\/\/www.justiciasantafe.gov.ar\/index.php\/wp-json\/wp\/v2\/comunicado_de_prensa\/74873?print=pdf\" class=\"pdfprnt-button pdfprnt-button-pdf\" target=\"_blank\"><img decoding=\"async\" src=\"https:\/\/www.justiciasantafe.gov.ar\/wp-content\/plugins\/pdf-print-pro\/images\/pdf.png\" alt=\"image_pdf\" title=\"Ver PDF\" \/><\/a><a href=\"https:\/\/www.justiciasantafe.gov.ar\/index.php\/wp-json\/wp\/v2\/comunicado_de_prensa\/74873?print=print\" class=\"pdfprnt-button pdfprnt-button-print\" target=\"_blank\"><img decoding=\"async\" src=\"https:\/\/www.justiciasantafe.gov.ar\/wp-content\/plugins\/pdf-print-pro\/images\/print.png\" alt=\"image_print\" title=\"Imprimir contenido\" \/><\/a><\/div><p class=\"western\" lang=\"es-ES\" align=\"CENTER\"><span style=\"font-family: Cambria, serif; font-size: 110%; color: #000000;\"><b>El Poder Judicial de Santa Fe avanza en la Digitalizaci\u00f3n Integral de la Justicia Penal en Ca\u00f1ada de G\u00f3mez<\/b><\/span><\/p>\n<p class=\"western\" lang=\"es-ES\" align=\"JUSTIFY\"><span style=\"color: #000000; font-size: 100%;\"><span style=\"font-family: Cambria, serif;\"><i><b>En el marco de la implementaci\u00f3n de la Plataforma Digital Alberdi, equipos t\u00e9cnicos del Poder Judicial de Tucum\u00e1n brindaron soporte operativo y capacitaci\u00f3n en territorio a los agentes de la Oficina de Gesti\u00f3n Judicial del Distrito N\u00b0 6, bajo un modelo de cooperaci\u00f3n interinstitucional sin costo presupuestario.<\/b><\/i><\/span><\/span><\/p>\n<p class=\"western\" lang=\"es-ES\" align=\"JUSTIFY\"><span style=\"color: #000000; font-size: 100%;\"><span style=\"font-family: Cambria, serif;\"><br \/>\nLa Corte Suprema de Justicia de la Provincia de Santa Fe, a trav\u00e9s de su Coordinaci\u00f3n General de Oficinas de Gesti\u00f3n Judicial (OGJ), consolid\u00f3 un nuevo avance en el plan de modernizaci\u00f3n tecnol\u00f3gica y reingenier\u00eda de procesos en la justicia penal del Distrito N\u00b0 6 (Ca\u00f1ada de G\u00f3mez), mediante la puesta en marcha definitiva de la Plataforma Digital Alberdi.<\/span><\/span><\/p>\n<p class=\"western\" lang=\"es-ES\" align=\"JUSTIFY\"><span style=\"color: #000000; font-size: 100%;\"><span style=\"font-family: Cambria, serif;\">En este contexto, la sede judicial local recibi\u00f3 la visita de una delegaci\u00f3n oficial de funcionarios y t\u00e9cnicos inform\u00e1ticos del Poder Judicial de Tucum\u00e1n. Este encuentro de trabajo se encuadra en un convenio de cooperaci\u00f3n cient\u00edfica y tecnol\u00f3gica de car\u00e1cter p\u00fablico e interinstitucional a costo cero para el erario provincial, lo que representa un modelo de eficiencia en la asignaci\u00f3n de recursos estatales a trav\u00e9s del intercambio directo de conocimiento.<\/span><\/span><\/p>\n<p class=\"western\" lang=\"es-ES\" align=\"JUSTIFY\"><span style=\"color: #000000; font-size: 100%;\"><span style=\"font-family: Cambria, serif;\">Durante las jornadas de trabajo en el territorio, el equipo t\u00e9cnico de Tucum\u00e1n, en coordinaci\u00f3n con la Secretar\u00eda de Inform\u00e1tica local, llev\u00f3 a cabo tareas cr\u00edticas de soporte de infraestructura y parametrizaci\u00f3n de sistemas. Asimismo, se desarrollaron intensivos talleres de capacitaci\u00f3n pr\u00e1ctica y simulaci\u00f3n operativa destinados a los agentes internos de la OGJ, enfocados en el dominio de las herramientas troncales del ecosistema: el Sistema de Administraci\u00f3n de Expedientes (SAE), la plataforma de agendamiento OGA Web y el Portal del SAE para profesionales y actores externos (Ministerio P\u00fablico de la Acusaci\u00f3n, Ministerio P\u00fablico de la Defensa y profesionales del foro).<\/span><\/span><\/p>\n<p class=\"western\" lang=\"es-ES\" align=\"JUSTIFY\"><span style=\"color: #000000; font-size: 100%;\"><span style=\"font-family: Cambria, serif;\"><b>Hitos de la transformaci\u00f3n digital<\/b><\/span><\/span><\/p>\n<p class=\"western\" lang=\"es-ES\" align=\"JUSTIFY\"><span style=\"color: #000000; font-size: 100%;\"><span style=\"font-family: Cambria, serif;\">Con la plena operatividad del sistema en el Distrito Ca\u00f1ada de G\u00f3mez, se alcanzan objetivos estrat\u00e9gicos clave en el servicio de justicia:<\/span><\/span><\/p>\n<ul>\n<li>\n<p class=\"western\" lang=\"es-ES\" align=\"JUSTIFY\"><span style=\"color: #000000; font-size: 100%;\"><span style=\"font-family: Cambria, serif;\">Legajo \u00danico Digital y Despapelizaci\u00f3n: Sustituci\u00f3n definitiva de los soportes f\u00edsicos por expedientes digitales continuos, garantizando la despapelizaci\u00f3n y la agilidad procesal bajo el principio de &#8220;unidad de actuaci\u00f3n&#8221;.<\/span><\/span><\/p>\n<\/li>\n<li>\n<p class=\"western\" lang=\"es-ES\" align=\"JUSTIFY\"><span style=\"color: #000000; font-size: 100%;\"><span style=\"font-family: Cambria, serif;\">Trazabilidad y Transparencia: Registro inform\u00e1tico inalterable de cada petici\u00f3n, decreto y registro audiovisual de las audiencias, incrementando los est\u00e1ndares de seguridad jur\u00eddica.<\/span><\/span><\/p>\n<\/li>\n<li>\n<p class=\"western\" lang=\"es-ES\" align=\"JUSTIFY\"><span style=\"color: #000000; font-size: 100%;\"><span style=\"font-family: Cambria, serif;\">Gobernanza de Datos: Optimizaci\u00f3n de la agenda judicial y distribuci\u00f3n equilibrada de cargas de trabajo a partir de m\u00e9tricas objetivas y tableros de control en tiempo real.<\/span><\/span><\/p>\n<\/li>\n<li>\n<p class=\"western\" lang=\"es-ES\" align=\"JUSTIFY\"><span style=\"color: #000000; font-size: 100%;\"><span style=\"font-family: Cambria, serif;\">Transferencia Tecnol\u00f3gica Activa: Consolidaci\u00f3n de un &#8220;equipo espejo&#8221; de soporte t\u00e9cnico local capacitado para sostener y auditar operativamente la plataforma.<\/span><\/span><\/p>\n<\/li>\n<\/ul>\n<p class=\"western\" lang=\"es-ES\" align=\"JUSTIFY\"><span style=\"color: #000000; font-size: 100%;\"><span style=\"font-family: Cambria, serif;\">Esta iniciativa conjunta reafirma el compromiso del Poder Judicial de la Provincia de Santa Fe con la mejora continua, la innovaci\u00f3n organizacional y la consolidaci\u00f3n de una justicia penal accesible, transparente y eficiente de cara a toda la ciudadan\u00eda.<\/span><\/span><\/p>\n<p class=\"western\" lang=\"es-ES\" align=\"LEFT\"><span style=\"color: #000000; font-size: 100%;\"><span style=\"font-family: Cambria, serif;\">\u00a0<\/span><\/span><\/p>\n<p class=\"western\" lang=\"es-ES\" align=\"LEFT\"><span style=\"color: #000000; font-size: 100%;\"><span style=\"font-family: Cambria, serif;\"><b>Oficina de Prensa <\/b><\/span><\/span><\/p>\n<p class=\"western\" lang=\"es-ES\" align=\"LEFT\"><span style=\"color: #000000; font-size: 100%;\"><span style=\"font-family: Cambria, serif;\"><b>PODER JUDICIAL DE SANTA FE<\/b><\/span><\/span><\/p>\n<p class=\"western\" lang=\"es-ES\" align=\"LEFT\">\n<div class=\"gsp_post_data\" data-post_type=\"comunicado_de_prensa\" data-cat=\"comunicados-de-prensa\" data-modified=\"120\" data-title=\"El Poder Judicial de Santa Fe avanza en la Digitalizaci\u00f3n Integral de la Justicia Penal en Ca\u00f1ada de G\u00f3mez\" data-home=\"https:\/\/www.justiciasantafe.gov.ar\"><\/div>","protected":false},"excerpt":{"rendered":"<p>En el marco de la implementaci\u00f3n de la Plataforma Digital Alberdi, equipos t\u00e9cnicos del Poder Judicial de Tucum\u00e1n (&#8230;)<\/p>\n","protected":false},"author":50,"featured_media":74895,"template":"","format":"standard","meta":{"_acf_changed":false,"footnotes":""},"categories":[22],"tags":[4108],"class_list":["post-74873","comunicado_de_prensa","type-comunicado_de_prensa","status-publish","format-standard","has-post-thumbnail","hentry","category-comunicados-de-prensa","tag-novedades"],"acf":{"i2t_anio":2026,"i2t_id_historico":"","i2t_autor_historico":""},"_links":{"self":[{"href":"https:\/\/www.justiciasantafe.gov.ar\/index.php\/wp-json\/wp\/v2\/comunicado_de_prensa\/74873","targetHints":{"allow":["GET"]}}],"collection":[{"href":"https:\/\/www.justiciasantafe.gov.ar\/index.php\/wp-json\/wp\/v2\/comunicado_de_prensa"}],"about":[{"href":"https:\/\/www.justiciasantafe.gov.ar\/index.php\/wp-json\/wp\/v2\/types\/comunicado_de_prensa"}],"author":[{"embeddable":true,"href":"https:\/\/www.justiciasantafe.gov.ar\/index.php\/wp-json\/wp\/v2\/users\/50"}],"version-history":[{"count":4,"href":"https:\/\/www.justiciasantafe.gov.ar\/index.php\/wp-json\/wp\/v2\/comunicado_de_prensa\/74873\/revisions"}],"predecessor-version":[{"id":74892,"href":"https:\/\/www.justiciasantafe.gov.ar\/index.php\/wp-json\/wp\/v2\/comunicado_de_prensa\/74873\/revisions\/74892"}],"wp:featuredmedia":[{"embeddable":true,"href":"https:\/\/www.justiciasantafe.gov.ar\/index.php\/wp-json\/wp\/v2\/media\/74895"}],"wp:attachment":[{"href":"https:\/\/www.justiciasantafe.gov.ar\/index.php\/wp-json\/wp\/v2\/media?parent=74873"}],"wp:term":[{"taxonomy":"category","embeddable":true,"href":"https:\/\/www.justiciasantafe.gov.ar\/index.php\/wp-json\/wp\/v2\/categories?post=74873"},{"taxonomy":"post_tag","embeddable":true,"href":"https:\/\/www.justiciasantafe.gov.ar\/index.php\/wp-json\/wp\/v2\/tags?post=74873"}],"curies":[{"name":"wp","href":"https:\/\/api.w.org\/{rel}","templated":true}]}}